{"id":3118,"date":"2021-04-08T19:16:42","date_gmt":"2021-04-08T17:16:42","guid":{"rendered":"http:\/\/roan.junselebyar.se\/?p=3118"},"modified":"2021-04-08T19:23:01","modified_gmt":"2021-04-08T17:23:01","slug":"kommunens-yttrande-forlangd-igangsattningstid-salsjo","status":"publish","type":"post","link":"https:\/\/roan.junselebyar.se\/?p=3118","title":{"rendered":"Kommunens yttrande (f\u00f6rl\u00e4ngd ig\u00e5ngs\u00e4ttningstid Salsj\u00f6)"},"content":{"rendered":"<p>F\u00f6rutom <strong>Sollefte\u00e5 kommun<\/strong>, <strong>L\u00e4nsstyrelsen<\/strong> och <strong>F\u00f6rsvarsmakten, <\/strong>vilka inte har n\u00e5got att erinra om den yrkade f\u00f6rl\u00e4ngningen av ig\u00e5ngs\u00e4ttningstiden f\u00f6r Salsj\u00f6 vindindustri, har 4 starkt kritiska yttranden inkommit. Ett av dem, v\u00e4ldigt starkt, \u00e4r fr\u00e5n Sametinget och 3 fr\u00e5n 5 privatpersoner i Salsj\u00f6industrins n\u00e4rhet. Naturv\u00e5rdsverket och Havs- och vattenmyndigheten har avst\u00e5tt fr\u00e5n att yttra sig.<\/p>\n<p><strong>Det \u00e4r lika bra att ta det v\u00e4rsta f\u00f6rst, s\u00e5 \u00e4r det avklarat: Sollefte\u00e5 Kommuns:<\/strong><\/p>\n<p>\u2026\u2026\u2026\u2026\u2026\u2026\u2026\u2026\u2026\u2026\u2026\u2026\u2026\u2026\u2026\u2026\u2026\u2026\u2026\u2026\u2026\u2026\u2026\u2026\u2026\u2026\u2026\u2026\u2026\u2026\u2026\u2026\u2026<\/p>\n<p><sub>\u00a0\u00a0\u00a0\u00a0\u00a0\u00a0\u00a0\u00a0\u00a0\u00a0\u00a0\u00a0\u00a0\u00a0\u00a0\u00a0\u00a0 <\/sub><strong>SKRIVELSE \u00a0\u00a0\u00a0\u00a0\u00a0\u00a0\u00a0\u00a0\u00a0\u00a0\u00a0\u00a0\u00a0\u00a0\u00a0\u00a0\u00a0\u00a0\u00a0\u00a0\u00a0\u00a0\u00a0\u00a0\u00a0\u00a0\u00a0\u00a0\u00a0\u00a0\u00a0\u00a0\u00a0\u00a0 <\/strong><sup>\u00a0<\/sup><\/p>\n<p>Datum \u00a0\u00a0\u00a0\u00a0\u00a0\u00a0\u00a0\u00a0\u00a0\u00a0\u00a0\u00a0\u00a0\u00a0\u00a0\u00a0\u00a0\u00a0\u00a0\u00a0\u00a0\u00a0\u00a0\u00a0\u00a0\u00a0\u00a0\u00a0\u00a0\u00a0\u00a0\u00a0\u00a0\u00a0\u00a0\u00a0\u00a0\u00a0\u00a0\u00a0\u00a0\u00a0\u00a0\u00a0 Dnr \u00a0\u00a0\u00a0\u00a0\u00a0\u00a0\u00a0\u00a0\u00a0\u00a0\u00a0\u00a0\u00a0\u00a0\u00a0\u00a0\u00a0\u00a0\u00a0\u00a0\u00a0\u00a0\u00a0\u00a0 Sida<\/p>\n<p>2021-03-01 \u00a0\u00a0\u00a0\u00a0\u00a0\u00a0\u00a0\u00a0\u00a0\u00a0\u00a0\u00a0\u00a0\u00a0\u00a0\u00a0\u00a0\u00a0\u00a0\u00a0\u00a0\u00a0\u00a0\u00a0\u00a0\u00a0\u00a0\u00a0\u00a0\u00a0 2015.906 \u00a0\u00a0\u00a0\u00a0\u00a0\u00a0\u00a0\u00a0\u00a0\u00a0\u00a0\u00a0\u00a0 1 (1)<\/p>\n<p>&nbsp;<\/p>\n<p>Tj\u00e4nstest\u00e4lle, handl\u00e4ggare, telefon<\/p>\n<p>Milj\u00f6- och byggenheten \u00a0\u00a0\u00a0\u00a0\u00a0\u00a0\u00a0\u00a0\u00a0\u00a0\u00a0\u00a0\u00a0 <u>vasternorrland@lansstyrelsen.se<\/u><\/p>\n<p>0620-68 20 00<\/p>\n<h4>YTTRANDE \u2013 Ans\u00f6kan f\u00f6rl\u00e4ngd ig\u00e5ngs\u00e4ttningstid Salsj\u00f6n vindpark lst dnr: 551-381-21<\/h4>\n<p>Milj\u00f6- och byggenheten har tagit emot rubricerat \u00e4rendet f\u00f6r yttrande. S\u00f6kanden har ans\u00f6kt om f\u00f6rl\u00e4ngd ig\u00e5ngs\u00e4ttningstid med tv\u00e5 \u00e5r, till 2025-03-18 f\u00f6r Salsj\u00f6ns vindpark p\u00e5 grund av f\u00f6rseningar med n\u00e4tanslutning till parken. E.ON som n\u00e4t\u00e4gare har bekr\u00e4ftat f\u00f6rseningen i separat skrivelse.<\/p>\n<p>Ranasj\u00f6 vindpark omfattas av samma inkoppling mot Bet\u00e5sen stamn\u00e4tsstation. Ranasj\u00f6s vindparks ig\u00e5ngs\u00e4ttningstid str\u00e4cker sig till 2025 varf\u00f6r milj\u00f6- och byggenheten inte har n\u00e5gra synpunkter p\u00e5 f\u00f6rl\u00e4ngd ig\u00e5ngs\u00e4ttningstid enligt ans\u00f6kan. Projekten \u00e4r beroende av varandra f\u00f6r n\u00e4tanslutningen och b\u00f6r d\u00e4rf\u00f6r omfattas av samma f\u00f6ruts\u00e4ttningar i och med den f\u00f6rsening som n\u00e4t\u00e4garen bekr\u00e4ftat i ans\u00f6kan. Ans\u00f6kan om f\u00f6rl\u00e4ngd ig\u00e5ngs\u00e4ttningstid p\u00e5 grund av faktorer som s\u00f6kanden inte haft r\u00e5dighet \u00f6ver ska enligt f\u00f6rarbeten och praxis vara ett sk\u00e4l f\u00f6r m\u00f6jlighet till f\u00f6rl\u00e4ngs ig\u00e5ngs\u00e4ttningstid.<\/p>\n<p>MILJ\u00d6- OCH BYGGENHETEN<\/p>\n<p><strong>Z<\/strong><\/p>\n<p>Milj\u00f6- och h\u00e4lsoskyddsinspekt\u00f6r<\/p>\n<p>&nbsp;<\/p>\n<p><strong><em>\u201dProjekten \u00e4r beroende av varandra f\u00f6r n\u00e4tanslutningen och b\u00f6r d\u00e4rf\u00f6r omfattas av samma f\u00f6ruts\u00e4ttningar i och med den f\u00f6rsening som n\u00e4t\u00e4garen bekr\u00e4ftat i ans\u00f6kan.\u201d\u00a0 <\/em><\/strong><\/p>\n<p>Men oj, s\u00e5 beh\u00e4ndigt det blir d\u00e5 f\u00f6r Flodin\/Arise!!!!!!! Och l\u00e5t oss vara helt klara p\u00e5 den punkten: det \u00e4r det ENDA, som har betydelse f\u00f6r Sollefte\u00e5 kommun!!!<\/p>\n<p>Det \u00e4r sv\u00e5rt att kommentera ovanst\u00e5ende yttrande utan att f\u00f6rfalla till sv\u00e5rartade k\u00e4nslom\u00e4ssiga eruptioner. \u00c4r s\u00e5 besviken \u00f6ver hur kommunen st\u00e4ndigt \u201dsopar\u201d v\u00e4gen f\u00f6r Flodin..<\/p>\n<p>Och\u2026\u2026\u2026 kunde inte kommunen ha f\u00f6reslagit att den omfattande verksamhetsf\u00f6r\u00e4ndring, som layoutsamr\u00e5dets beslut de facto genererar, borde motivera en ny milj\u00f6pr\u00f6vning? Den MKB, som tillst\u00e5ndet vilar p\u00e5 \u00e4r ju uppseendev\u00e4ckande inaktuell och mager. Exempelvis behandlas inte effekter av ett redan f\u00f6r\u00e4ndrat klimat och inte heller de befarade framtidsaspekterna i detta h\u00e4nseende: Skyfall, med \u00f6kad erosion, skogsbr\u00e4nder m.m. Inventeringarna \u00e4r till st\u00f6rre del fr\u00e5n 2011.<\/p>\n<p>Detta yttrande har innan ins\u00e4ndande till MPD inte behandlats i SU eller AU och inte heller i KS eller KF. Det \u00e4r en renodlad tj\u00e4nstemannaprodukt. How come ?<\/p>\n<p>Det \u00e4r ju ett viktig yttrande s\u00e5tillvida att MPD faktiskt tillm\u00e4ter kommunens yttrande betydelse. Fanns det inget <strong>politisk<\/strong> intresse att behandla detta i ngt. uskott? Eller KS?<\/p>\n<p>Nog om detta bottennapp. I morgon kommer l\u00e4nsstyrelsens yttrande.<\/p>\n<p>\/Tarabrita<\/p>\n","protected":false},"excerpt":{"rendered":"<p>F\u00f6rutom Sollefte\u00e5 kommun, L\u00e4nsstyrelsen och F\u00f6rsvarsmakten, vilka inte har n\u00e5got att erinra om den yrkade f\u00f6rl\u00e4ngningen av ig\u00e5ngs\u00e4ttningstiden f\u00f6r Salsj\u00f6 vindindustri, har 4 starkt kritiska yttranden inkommit. Ett av dem, v\u00e4ldigt starkt, \u00e4r fr\u00e5n Sametinget och 3 fr\u00e5n 5 privatpersoner i Salsj\u00f6industrins n\u00e4rhet. Naturv\u00e5rdsverket och Havs- och vattenmyndigheten har avst\u00e5tt fr\u00e5n att yttra sig. Det [&hellip;]<\/p>\n","protected":false},"author":2,"featured_media":0,"comment_status":"open","ping_status":"open","sticky":false,"template":"","format":"standard","meta":{"footnotes":""},"categories":[3],"tags":[],"class_list":["post-3118","post","type-post","status-publish","format-standard","hentry","category-allmant"],"_links":{"self":[{"href":"https:\/\/roan.junselebyar.se\/index.php?rest_route=\/wp\/v2\/posts\/3118","targetHints":{"allow":["GET"]}}],"collection":[{"href":"https:\/\/roan.junselebyar.se\/index.php?rest_route=\/wp\/v2\/posts"}],"about":[{"href":"https:\/\/roan.junselebyar.se\/index.php?rest_route=\/wp\/v2\/types\/post"}],"author":[{"embeddable":true,"href":"https:\/\/roan.junselebyar.se\/index.php?rest_route=\/wp\/v2\/users\/2"}],"replies":[{"embeddable":true,"href":"https:\/\/roan.junselebyar.se\/index.php?rest_route=%2Fwp%2Fv2%2Fcomments&post=3118"}],"version-history":[{"count":5,"href":"https:\/\/roan.junselebyar.se\/index.php?rest_route=\/wp\/v2\/posts\/3118\/revisions"}],"predecessor-version":[{"id":3123,"href":"https:\/\/roan.junselebyar.se\/index.php?rest_route=\/wp\/v2\/posts\/3118\/revisions\/3123"}],"wp:attachment":[{"href":"https:\/\/roan.junselebyar.se\/index.php?rest_route=%2Fwp%2Fv2%2Fmedia&parent=3118"}],"wp:term":[{"taxonomy":"category","embeddable":true,"href":"https:\/\/roan.junselebyar.se\/index.php?rest_route=%2Fwp%2Fv2%2Fcategories&post=3118"},{"taxonomy":"post_tag","embeddable":true,"href":"https:\/\/roan.junselebyar.se\/index.php?rest_route=%2Fwp%2Fv2%2Ftags&post=3118"}],"curies":[{"name":"wp","href":"https:\/\/api.w.org\/{rel}","templated":true}]}}