{"id":3124,"date":"2021-04-09T18:16:02","date_gmt":"2021-04-09T16:16:02","guid":{"rendered":"http:\/\/roan.junselebyar.se\/?p=3124"},"modified":"2021-04-10T09:20:32","modified_gmt":"2021-04-10T07:20:32","slug":"lansstyrelsens-yttrade","status":"publish","type":"post","link":"https:\/\/roan.junselebyar.se\/?p=3124","title":{"rendered":"L\u00e4nsstyrelsens yttrade"},"content":{"rendered":"<p><strong><em>&#8220;Yttrande avseende ans\u00f6kan om f\u00f6rl\u00e4ngd ig\u00e5ngs\u00e4ttningstid f\u00f6r vindkraftpark Salsj\u00f6, Sollefte\u00e5 kommun<\/em><\/strong><\/p>\n<p><em>L\u00e4nsstyrelsen V\u00e4sternorrland har f\u00e5tt tillf\u00e4lle att yttra sig i Milj\u00f6pr\u00f6vningsdelegationens \u00e4rende 551-381-2021.<\/em><\/p>\n<p><em>L\u00e4nsstyrelsen har ingen erinran mot att f\u00f6rl\u00e4ngd ig\u00e5ngs\u00e4ttningstid beviljas med 2 \u00e5r med anledning av den redovisade problematiken med elanslutningen.<\/em><\/p>\n<p><em>L\u00e4nsstyrelsen noterar att planeringsf\u00f6ruts\u00e4ttningar f\u00f6r\u00e4ndrats sedan tillst\u00e5ndet gavs. Dessa f\u00f6r\u00e4ndringar inneb\u00e4r bland annat att st\u00f6rre rotorer planeras med den p\u00e5verkan det inneb\u00e4r<strong>.<\/strong> Bland annat med anledning av detta anser l\u00e4nsstyrelsen att det finns sk\u00e4l att h\u00f6ja den ekonomiska s\u00e4kerheten per verk fr\u00e5n totalt 400 000 kronor till 500 000 kronor, eller den summa milj\u00f6pr\u00f6vningsdelegationen finner l\u00e4mplig. S\u00e4kerheten b\u00f6r ocks\u00e5 justeras efter konsumentprisindex med \u00e5r och m\u00e5nad f\u00f6r tillst\u00e5ndsbeslutet som bas.<\/em><\/p>\n<p><em>I detta yttrande har l\u00e4nsr\u00e5d Daniel Gustafsson varit beslutande och milj\u00f6handl\u00e4ggare<\/em><em> varit f\u00f6redragande. Handl\u00e4ggare fr\u00e5n milj\u00f6tillsynsenheten har ocks\u00e5 medverkat.&#8221; <\/em>(Handl\u00e4ggarens namn har utel\u00e4mnats)<\/p>\n<p>&nbsp;<\/p>\n<p>Inte heller L\u00e4nsstyrelsen har allts\u00e5 i princip ngt. att erinra mot Flodins \/Arises beg\u00e4ran om f\u00f6rl\u00e4ngd ig\u00e5ngs\u00e4ttningstid men det \u00e4r i alla fall j\u00e4mf\u00f6rt med Sollefte\u00e5 kommuns yttrande en viss skillnad i s\u00e5v\u00e4l ord som tanke. Medan Sollefte\u00e5yttrandet enbart framf\u00f6r f\u00f6rdelarna med Ranasj\u00f6- och Salsj\u00f6projektens\u00a0 samordning, har L\u00e4nsstyrelsen i alla fall noterat och erk\u00e4nt att Layoutsamr\u00e5det inneb\u00e4r f\u00f6r\u00e4ndringar:<\/p>\n<p><strong><em>\u201d L\u00e4nsstyrelsen noterar att planeringsf\u00f6ruts\u00e4ttningar f\u00f6r\u00e4ndrats sedan tillst\u00e5ndet gavs. Dessa f\u00f6r\u00e4ndringar inneb\u00e4r bland annat att st\u00f6rre rotorer planeras med den p\u00e5verkan det inneb\u00e4r<\/em><\/strong>.\u201d<\/p>\n<p><em>\u00a0&#8220;Bland annat med anledning av detta anser l\u00e4nsstyrelsen att det finns sk\u00e4l att h\u00f6ja den ekonomiska s\u00e4kerheten per verk fr\u00e5n totalt 400 000 kronor till 500 000 kronor, <strong>eller den summa<\/strong> <strong>milj\u00f6pr\u00f6vningsdelegationen finner l\u00e4mplig<\/strong>. S\u00e4kerheten b\u00f6r ocks\u00e5 justeras efter konsumentprisindex med \u00e5r och m\u00e5nad f\u00f6r tillst\u00e5ndsbeslutet som bas.\u201d\u00a0<\/em><\/p>\n<p>Fr\u00e5gan \u00e4r om den av l\u00e4nsstyrelsens milj\u00f6pr\u00f6vningsdelegation f\u00f6reslagna h\u00f6jningen av den ekonomiska s\u00e4kerheten till 1 351 000 kr\/verk \u00e4r stor nog att f\u00f6rhindra exploateringen. Dessutom kan man tycka att det \u00e4r problematiskt\u00a0 att bara behandla ekonomi och l\u00e4mna milj\u00f6aspekterna d\u00e4rh\u00e4n. Borde inte &#8220;<strong>p\u00e5verkan<\/strong>&#8221; ha utretts? (<strong><em>med den p\u00e5verkan det inneb\u00e4r<\/em><\/strong>.\u201d)<\/p>\n<p>I morgon tar vi Sametingets respektingivande yttrande. D\u00e4r finns mycket av det som kommun och l\u00e4nsstyrelse valt att bortse ifr\u00e5n i sin iver att prioritera vindindustri.<\/p>\n<p>Tarabrita<\/p>\n<p>&nbsp;<\/p>\n<p>&nbsp;<\/p>\n","protected":false},"excerpt":{"rendered":"<p>&#8220;Yttrande avseende ans\u00f6kan om f\u00f6rl\u00e4ngd ig\u00e5ngs\u00e4ttningstid f\u00f6r vindkraftpark Salsj\u00f6, Sollefte\u00e5 kommun L\u00e4nsstyrelsen V\u00e4sternorrland har f\u00e5tt tillf\u00e4lle att yttra sig i Milj\u00f6pr\u00f6vningsdelegationens \u00e4rende 551-381-2021. L\u00e4nsstyrelsen har ingen erinran mot att f\u00f6rl\u00e4ngd ig\u00e5ngs\u00e4ttningstid beviljas med 2 \u00e5r med anledning av den redovisade problematiken med elanslutningen. L\u00e4nsstyrelsen noterar att planeringsf\u00f6ruts\u00e4ttningar f\u00f6r\u00e4ndrats sedan tillst\u00e5ndet gavs. Dessa f\u00f6r\u00e4ndringar inneb\u00e4r bland [&hellip;]<\/p>\n","protected":false},"author":2,"featured_media":0,"comment_status":"open","ping_status":"open","sticky":false,"template":"","format":"standard","meta":{"footnotes":""},"categories":[3],"tags":[],"class_list":["post-3124","post","type-post","status-publish","format-standard","hentry","category-allmant"],"_links":{"self":[{"href":"https:\/\/roan.junselebyar.se\/index.php?rest_route=\/wp\/v2\/posts\/3124","targetHints":{"allow":["GET"]}}],"collection":[{"href":"https:\/\/roan.junselebyar.se\/index.php?rest_route=\/wp\/v2\/posts"}],"about":[{"href":"https:\/\/roan.junselebyar.se\/index.php?rest_route=\/wp\/v2\/types\/post"}],"author":[{"embeddable":true,"href":"https:\/\/roan.junselebyar.se\/index.php?rest_route=\/wp\/v2\/users\/2"}],"replies":[{"embeddable":true,"href":"https:\/\/roan.junselebyar.se\/index.php?rest_route=%2Fwp%2Fv2%2Fcomments&post=3124"}],"version-history":[{"count":11,"href":"https:\/\/roan.junselebyar.se\/index.php?rest_route=\/wp\/v2\/posts\/3124\/revisions"}],"predecessor-version":[{"id":3135,"href":"https:\/\/roan.junselebyar.se\/index.php?rest_route=\/wp\/v2\/posts\/3124\/revisions\/3135"}],"wp:attachment":[{"href":"https:\/\/roan.junselebyar.se\/index.php?rest_route=%2Fwp%2Fv2%2Fmedia&parent=3124"}],"wp:term":[{"taxonomy":"category","embeddable":true,"href":"https:\/\/roan.junselebyar.se\/index.php?rest_route=%2Fwp%2Fv2%2Fcategories&post=3124"},{"taxonomy":"post_tag","embeddable":true,"href":"https:\/\/roan.junselebyar.se\/index.php?rest_route=%2Fwp%2Fv2%2Ftags&post=3124"}],"curies":[{"name":"wp","href":"https:\/\/api.w.org\/{rel}","templated":true}]}}