{"id":3230,"date":"2021-10-21T17:19:51","date_gmt":"2021-10-21T15:19:51","guid":{"rendered":"http:\/\/roan.junselebyar.se\/?p=3230"},"modified":"2021-10-21T17:32:25","modified_gmt":"2021-10-21T15:32:25","slug":"flodins-uppgorelse-med-adalslidens-hembygdsforening","status":"publish","type":"post","link":"https:\/\/roan.junselebyar.se\/?p=3230","title":{"rendered":"Flodins uppg\u00f6relse med \u00c5dalslidens Hembygdsf\u00f6rening."},"content":{"rendered":"<p>Ett rykte florerade att Flodin nyligen betalat in ca 50 000 kr till \u00c5dalslidens Hembygdsf\u00f6rening. Var detta sant? Och varf\u00f6r????<\/p>\n<p><img loading=\"lazy\" decoding=\"async\" class=\"alignnone size-medium wp-image-3231\" src=\"http:\/\/roan.junselebyar.se\/nyheter\/wp-content\/uploads\/2021\/10\/Forsas-fabod-440x274.jpg\" alt=\"\" width=\"440\" height=\"274\" srcset=\"https:\/\/roan.junselebyar.se\/nyheter\/wp-content\/uploads\/2021\/10\/Forsas-fabod-440x274.jpg 440w, https:\/\/roan.junselebyar.se\/nyheter\/wp-content\/uploads\/2021\/10\/Forsas-fabod-768x478.jpg 768w, https:\/\/roan.junselebyar.se\/nyheter\/wp-content\/uploads\/2021\/10\/Forsas-fabod-1536x956.jpg 1536w, https:\/\/roan.junselebyar.se\/nyheter\/wp-content\/uploads\/2021\/10\/Forsas-fabod-2048x1274.jpg 2048w\" sizes=\"auto, (max-width: 440px) 100vw, 440px\" \/><\/p>\n<p>\u00c5dalslidens Hembygdsf\u00f6rening \u00e4r ansvarig f\u00f6r den gamla f\u00e4bodvallen Fors\u00e5sbodarna, bel\u00e4gen \u00a0v\u00e4ldigt n\u00e4ra Flodinprojektet Salsj\u00f6 Vindindustri.<\/p>\n<p>I Tillst\u00e5ndet (2015-09-28) st\u00e5r:<\/p>\n<p><em>\u201dStrax utanf\u00f6r projektomr\u00e5det ca 450 meter fr\u00e5n n\u00e4rmaste vindkraftverk finns en fornl\u00e4mning i form av en f\u00e4bodvall (RA\u00c4-nummer- \u00c5dals Liden 195)med bel\u00e4gg fr\u00e5n 1700-talet.<\/em><\/p>\n<p><em>Fors\u00e5sbodarna kommer inte att p\u00e5verkas fysiskt men d\u00e4remot p\u00e5verkas b\u00e5de ljudm\u00e4ssigt och visuellt av de planerade vindkraftverken. F\u00f6r att d\u00e4mpa det audiovisuelle intrycket kommer en skogsrid\u00e5 l\u00e4mnas mellan vindkraftverk och f\u00e4bodvall.\u201d<\/em><\/p>\n<p>F\u00f6r att f\u00e5 klarhet i detta kontaktade jag Anna- Maria Andersson, ordf\u00f6rande i n\u00e4mnda f\u00f6rening och fick d\u00e5 veta att Flodin och f\u00f6reningen gjort upp att f\u00f6reningen f\u00f6rs\u00e4krar att f\u00e4boden inte skall ha n\u00e5gra \u00f6vernattningar mot att erh\u00e5lla pengar. Detta gjordes upp i v\u00e5ras och nu nyligen trillade pengarna( 50 000) in. P\u00e5 min fr\u00e5ga om inte detta var att betrakta som att s\u00e4lja sig svarade ordf\u00f6randen att nej, det tyckte hon inte och att om n\u00e5gon blir st\u00f6rd av vindkraftverken s\u00e5 beh\u00f6ver dom ju inte g\u00e5 dit.<\/p>\n<p>Efter att ha tagit del av dessa uppgifter s\u00e5 f\u00f6rst\u00e5r jag pl\u00f6tsligt varf\u00f6r n\u00e4mnda f\u00f6rening aldrig \u00f6verklagat Salsj\u00f6 vindindustri. F\u00f6reningen hade ju kunnat \u00f6verklaga sj\u00e4lva tillst\u00e5ndsbeslutet 2015-09-28, Samr\u00e5dslayouten 2020-01-29 och beslutet om f\u00f6rl\u00e4ngd ig\u00e5ngs\u00e4ttningstid. Men icke.<\/p>\n<p>Samtidigt skall man veta att i Sollefte\u00e5 kommun f\u00e5r inte vindkraften ligga n\u00e4rmare \u00e4n 1000 meter fr\u00e5n bostad och att fritidshus i det fallet likst\u00e4lls med vanliga hus och att fritidshus ofta definieras utifr\u00e5n att n\u00e5gon bor d\u00e4r. S\u00e5 d\u00e5 kan man ju f\u00f6rst\u00e5 att detta var viktigt f\u00f6r Flodin.<\/p>\n<p>Men vad tycker befolkningen?????<\/p>\n<p>\/Tarabrita<\/p>\n","protected":false},"excerpt":{"rendered":"<p>Ett rykte florerade att Flodin nyligen betalat in ca 50 000 kr till \u00c5dalslidens Hembygdsf\u00f6rening. Var detta sant? Och varf\u00f6r???? \u00c5dalslidens Hembygdsf\u00f6rening \u00e4r ansvarig f\u00f6r den gamla f\u00e4bodvallen Fors\u00e5sbodarna, bel\u00e4gen \u00a0v\u00e4ldigt n\u00e4ra Flodinprojektet Salsj\u00f6 Vindindustri. I Tillst\u00e5ndet (2015-09-28) st\u00e5r: \u201dStrax utanf\u00f6r projektomr\u00e5det ca 450 meter fr\u00e5n n\u00e4rmaste vindkraftverk finns en fornl\u00e4mning i form av en [&hellip;]<\/p>\n","protected":false},"author":2,"featured_media":0,"comment_status":"open","ping_status":"open","sticky":false,"template":"","format":"standard","meta":{"footnotes":""},"categories":[3],"tags":[],"class_list":["post-3230","post","type-post","status-publish","format-standard","hentry","category-allmant"],"_links":{"self":[{"href":"https:\/\/roan.junselebyar.se\/index.php?rest_route=\/wp\/v2\/posts\/3230","targetHints":{"allow":["GET"]}}],"collection":[{"href":"https:\/\/roan.junselebyar.se\/index.php?rest_route=\/wp\/v2\/posts"}],"about":[{"href":"https:\/\/roan.junselebyar.se\/index.php?rest_route=\/wp\/v2\/types\/post"}],"author":[{"embeddable":true,"href":"https:\/\/roan.junselebyar.se\/index.php?rest_route=\/wp\/v2\/users\/2"}],"replies":[{"embeddable":true,"href":"https:\/\/roan.junselebyar.se\/index.php?rest_route=%2Fwp%2Fv2%2Fcomments&post=3230"}],"version-history":[{"count":4,"href":"https:\/\/roan.junselebyar.se\/index.php?rest_route=\/wp\/v2\/posts\/3230\/revisions"}],"predecessor-version":[{"id":3235,"href":"https:\/\/roan.junselebyar.se\/index.php?rest_route=\/wp\/v2\/posts\/3230\/revisions\/3235"}],"wp:attachment":[{"href":"https:\/\/roan.junselebyar.se\/index.php?rest_route=%2Fwp%2Fv2%2Fmedia&parent=3230"}],"wp:term":[{"taxonomy":"category","embeddable":true,"href":"https:\/\/roan.junselebyar.se\/index.php?rest_route=%2Fwp%2Fv2%2Fcategories&post=3230"},{"taxonomy":"post_tag","embeddable":true,"href":"https:\/\/roan.junselebyar.se\/index.php?rest_route=%2Fwp%2Fv2%2Ftags&post=3230"}],"curies":[{"name":"wp","href":"https:\/\/api.w.org\/{rel}","templated":true}]}}