{"id":3326,"date":"2022-04-12T16:31:19","date_gmt":"2022-04-12T14:31:19","guid":{"rendered":"http:\/\/roan.junselebyar.se\/?p=3326"},"modified":"2022-04-12T16:31:19","modified_gmt":"2022-04-12T14:31:19","slug":"ny-oversiktsplan-pa-gang","status":"publish","type":"post","link":"https:\/\/roan.junselebyar.se\/?p=3326","title":{"rendered":"Ny \u00f6versiktsplan p\u00e5 g\u00e5ng"},"content":{"rendered":"<p>En ny \u00d6P f\u00f6r Sollefte\u00e5 kommun \u00e4r nu p\u00e5 g\u00e5ng:<\/p>\n<p><a href=\"https:\/\/www.solleftea.se\/download\/18.5ffed5c117f6d4f6a1d694\/1647933820892\/Planeringsstrategi%20-%20%C3%96versiktsplan%20f%C3%B6r%20Sollefte%C3%A5%20kommun,%20KF%202022-02-28%20%C2%A7%2016.pdf\">Planeringsstrategi &#8211; \u00d6versiktsplan f\u00f6r Sollefte\u00e5 kommun, KF 2022-02-28 \u00a7 16.pdf (solleftea.se)<\/a><\/p>\n<p>&nbsp;<\/p>\n<p><strong>Om vindkraftsstrategin i nu g\u00e4llande \u00d6P fr\u00e5n 2017:<\/strong><\/p>\n<p>Att engagera sig i arbetet med framtagandet av en ny \u00f6versiktsplan \u00e4r f\u00f6rmodligen det mest effektiva s\u00e4ttet att proaktivt f\u00f6rhindra etablering av ny vindkraft i en kommun.<\/p>\n<p>F\u00f6rhoppningsvis kan ett demokratiskt deltagande i arbetet med den nya \u00d6P, som nu planeras i Sollefte\u00e5 kommun, resultera i att den fantastiska, negativa inst\u00e4llningen till ny storskalig vindkraft i \u00d6P -17 bibeh\u00e5lls. Den skulle tom kunna f\u00f6rb\u00e4ttras i det avseendet att f\u00f6rt\u00e4tningsvillkoret tas bort. Varf\u00f6r skall det vara enklare att ytterligare f\u00f6rpesta tillvaron f\u00f6r lokalbefolkningen i redan h\u00f6gexploaterade omr\u00e5den? Detta villkor var dessv\u00e4rre den ansvariga handl\u00e4ggaren tvungen att acceptera f\u00f6r att ro antivindkraftinneh\u00e5llet i hamn.<\/p>\n<p>Ett stort TACK till hen f\u00f6r att hen 3 ggr. \u00e5kte upp till Ramsele-Junsele och informerade sig om v\u00e5r inst\u00e4llning. Givetvis kunde hen inte f\u00f6rhindra redan tillst\u00e5ndsgivna industrier men med vindkraftsstrategin i \u00d6P-17 satte hen tempor\u00e4rt P f\u00f6r vidare industrialisering av v\u00e5ra berg.(\u00e5tminstone i de fall \u00d6Ps inneh\u00e5ll efterlevdes av politikerna, vilket tyv\u00e4rr inte skedde g\u00e4llande Vaberget.)<\/p>\n<p>Jag h\u00e4vdar att denna \u00f6versiktsplans <strong>Nej till ny storskalig vindkraft<\/strong> i praktiken var det som om\u00f6jliggjorde Forscas planer p\u00e5 en ny satsning p\u00e5 F\u00e4ngsj\u00f6-Storsj\u00f6h\u00f6jden. Om detta kan man l\u00e4sa h\u00e4r: <a href=\"http:\/\/roan.junselebyar.se\/?p=2599\">R\u00d6\u00c5N \u00bb Blog Archive \u00bb Nu g\u00e4llande \u00f6versiktsplan till\u00e5ter inte vindkraft p\u00e5 F\u00e4ngsj\u00f6\/Storsj\u00f6h\u00f6jden (junselebyar.se)<\/a>.<\/p>\n<p>Och senare Mittvinds planer f\u00f6r Flakaberget. Om detta kan man l\u00e4sa h\u00e4r: <a href=\"http:\/\/roan.junselebyar.se\/?p=2864\">R\u00d6\u00c5N \u00bb Blog Archive \u00bb Flakaberget m.fl. (junselebyar.se)<\/a><\/p>\n<p>\/Tarabrita<\/p>\n<p>&nbsp;<\/p>\n","protected":false},"excerpt":{"rendered":"<p>En ny \u00d6P f\u00f6r Sollefte\u00e5 kommun \u00e4r nu p\u00e5 g\u00e5ng: Planeringsstrategi &#8211; \u00d6versiktsplan f\u00f6r Sollefte\u00e5 kommun, KF 2022-02-28 \u00a7 16.pdf (solleftea.se) &nbsp; Om vindkraftsstrategin i nu g\u00e4llande \u00d6P fr\u00e5n 2017: Att engagera sig i arbetet med framtagandet av en ny \u00f6versiktsplan \u00e4r f\u00f6rmodligen det mest effektiva s\u00e4ttet att proaktivt f\u00f6rhindra etablering av ny vindkraft i [&hellip;]<\/p>\n","protected":false},"author":2,"featured_media":0,"comment_status":"open","ping_status":"open","sticky":false,"template":"","format":"standard","meta":{"footnotes":""},"categories":[3],"tags":[],"class_list":["post-3326","post","type-post","status-publish","format-standard","hentry","category-allmant"],"_links":{"self":[{"href":"https:\/\/roan.junselebyar.se\/index.php?rest_route=\/wp\/v2\/posts\/3326","targetHints":{"allow":["GET"]}}],"collection":[{"href":"https:\/\/roan.junselebyar.se\/index.php?rest_route=\/wp\/v2\/posts"}],"about":[{"href":"https:\/\/roan.junselebyar.se\/index.php?rest_route=\/wp\/v2\/types\/post"}],"author":[{"embeddable":true,"href":"https:\/\/roan.junselebyar.se\/index.php?rest_route=\/wp\/v2\/users\/2"}],"replies":[{"embeddable":true,"href":"https:\/\/roan.junselebyar.se\/index.php?rest_route=%2Fwp%2Fv2%2Fcomments&post=3326"}],"version-history":[{"count":1,"href":"https:\/\/roan.junselebyar.se\/index.php?rest_route=\/wp\/v2\/posts\/3326\/revisions"}],"predecessor-version":[{"id":3327,"href":"https:\/\/roan.junselebyar.se\/index.php?rest_route=\/wp\/v2\/posts\/3326\/revisions\/3327"}],"wp:attachment":[{"href":"https:\/\/roan.junselebyar.se\/index.php?rest_route=%2Fwp%2Fv2%2Fmedia&parent=3326"}],"wp:term":[{"taxonomy":"category","embeddable":true,"href":"https:\/\/roan.junselebyar.se\/index.php?rest_route=%2Fwp%2Fv2%2Fcategories&post=3326"},{"taxonomy":"post_tag","embeddable":true,"href":"https:\/\/roan.junselebyar.se\/index.php?rest_route=%2Fwp%2Fv2%2Ftags&post=3326"}],"curies":[{"name":"wp","href":"https:\/\/api.w.org\/{rel}","templated":true}]}}