{"id":420,"date":"2010-10-21T19:53:09","date_gmt":"2010-10-21T17:53:09","guid":{"rendered":"http:\/\/roan.junselebyar.se\/?p=420"},"modified":"2010-10-21T20:20:15","modified_gmt":"2010-10-21T18:20:15","slug":"vintern-har-nu","status":"publish","type":"post","link":"https:\/\/roan.junselebyar.se\/?p=420","title":{"rendered":"Vintern h\u00e4r? Nu&#8230;.?"},"content":{"rendered":"<p><strong>En dag i R\u00f6\u00e5n.<\/strong><\/p>\n<p><img loading=\"lazy\" decoding=\"async\" class=\"aligncenter size-medium wp-image-421\" title=\"Sommarens sista blomma begravd i sn\u00f6\" src=\"http:\/\/roan.junselebyar.se\/nyheter\/wp-content\/uploads\/2010\/10\/10vinterpense-300x227.jpg\" alt=\"Sommarens sista blomma begravd i sn\u00f6\" width=\"300\" height=\"227\" srcset=\"https:\/\/roan.junselebyar.se\/nyheter\/wp-content\/uploads\/2010\/10\/10vinterpense-300x227.jpg 300w, https:\/\/roan.junselebyar.se\/nyheter\/wp-content\/uploads\/2010\/10\/10vinterpense.jpg 576w\" sizes=\"auto, (max-width: 300px) 100vw, 300px\" \/><\/p>\n<p>\u00a0Hoppsan<\/p>\n<p>\u00a0<\/p>\n<p>Vintern kom pl\u00f6tsligt&#8230;.i g\u00e5r. Man visste ju f\u00f6rst\u00e5s att den skulle komma men \u00e4nd\u00e5 var s\u00e5 mycket ogjort. Ta in solstolen (som man aldrig hann sitta i), ta ur batterierna ur gr\u00e4sklippartraktorn, s\u00e4tta upp f\u00e5gelfr\u00f6huset,\u00a0\u00a0s\u00e4tta in innanf\u00f6nstren.<\/p>\n<p>Men \u00e4nd\u00e5 -n\u00e4r man s\u00e5g hur vackert och ljust allt blev- s\u00e5 ville man bara njuta. Nog blir det tid f\u00f6r alla &#8220;m\u00e5sten&#8221; senare.<\/p>\n<p>\u00a0<\/p>\n<p><img loading=\"lazy\" decoding=\"async\" class=\"aligncenter size-medium wp-image-427\" title=\"R\u00f6\u00e5n\" src=\"http:\/\/roan.junselebyar.se\/nyheter\/wp-content\/uploads\/2010\/10\/10vinteran-300x297.jpg\" alt=\"R\u00f6\u00e5n\" width=\"300\" height=\"297\" srcset=\"https:\/\/roan.junselebyar.se\/nyheter\/wp-content\/uploads\/2010\/10\/10vinteran-300x297.jpg 300w, https:\/\/roan.junselebyar.se\/nyheter\/wp-content\/uploads\/2010\/10\/10vinteran-150x150.jpg 150w, https:\/\/roan.junselebyar.se\/nyheter\/wp-content\/uploads\/2010\/10\/10vinteran.jpg 576w\" sizes=\"auto, (max-width: 300px) 100vw, 300px\" \/><\/p>\n<p>R\u00f6\u00e5n, nedstr\u00f6ms<\/p>\n<p>\u00a0<\/p>\n<p><img loading=\"lazy\" decoding=\"async\" class=\"aligncenter size-medium wp-image-428\" title=\"Timmert\u00e5g\" src=\"http:\/\/roan.junselebyar.se\/nyheter\/wp-content\/uploads\/2010\/10\/10vinterantag-300x229.jpg\" alt=\"Timmert\u00e5g\" width=\"300\" height=\"229\" srcset=\"https:\/\/roan.junselebyar.se\/nyheter\/wp-content\/uploads\/2010\/10\/10vinterantag-300x229.jpg 300w, https:\/\/roan.junselebyar.se\/nyheter\/wp-content\/uploads\/2010\/10\/10vinterantag.jpg 504w\" sizes=\"auto, (max-width: 300px) 100vw, 300px\" \/><\/p>\n<p>Och d\u00e4r kommer timmert\u00e5get.<\/p>\n<p>\u00a0<\/p>\n<p><img loading=\"lazy\" decoding=\"async\" class=\"aligncenter size-full wp-image-429\" title=\"10vinteran2\" src=\"http:\/\/roan.junselebyar.se\/nyheter\/wp-content\/uploads\/2010\/10\/10vinteran2.jpg\" alt=\"10vinteran2\" width=\"576\" height=\"573\" srcset=\"https:\/\/roan.junselebyar.se\/nyheter\/wp-content\/uploads\/2010\/10\/10vinteran2.jpg 576w, https:\/\/roan.junselebyar.se\/nyheter\/wp-content\/uploads\/2010\/10\/10vinteran2-150x150.jpg 150w, https:\/\/roan.junselebyar.se\/nyheter\/wp-content\/uploads\/2010\/10\/10vinteran2-300x298.jpg 300w\" sizes=\"auto, (max-width: 576px) 100vw, 576px\" \/><\/p>\n<p>R\u00f6\u00e5n, uppstr\u00f6ms<\/p>\n<p>\u00a0<\/p>\n<p>Det har r\u00f6jts alldelens v\u00e4ldigt fint i byn. Han som har \u00e5stadkommit denna uppsnyggning av hela byn, heter Tore Backberg. Jag h\u00e4lsade p\u00e5 honom, n\u00e4r han var i full f\u00e4rd att f\u00e4rdigst\u00e4lla ett f\u00f6rr\u00e5d intill f\u00f6reningshuset.<\/p>\n<p style=\"text-align: center;\"><img loading=\"lazy\" decoding=\"async\" class=\"aligncenter size-full wp-image-432\" title=\"Tore Backberg\" src=\"http:\/\/roan.junselebyar.se\/nyheter\/wp-content\/uploads\/2010\/10\/10vintertore2.jpg\" alt=\"Tore Backberg\" width=\"461\" height=\"653\" srcset=\"https:\/\/roan.junselebyar.se\/nyheter\/wp-content\/uploads\/2010\/10\/10vintertore2.jpg 576w, https:\/\/roan.junselebyar.se\/nyheter\/wp-content\/uploads\/2010\/10\/10vintertore2-211x300.jpg 211w\" sizes=\"auto, (max-width: 461px) 100vw, 461px\" \/><\/p>\n<p>Tore \u00e4r anst\u00e4lld genom &#8220;Lyftet&#8221;-projektet och det har verkligen\u00a0inneburit\u00a0ett lyft\u00a0f\u00f6r v\u00e5r by. Bra Meta att Du ordnade det. Nu \u00e4r tiden h\u00e4r tyv\u00e4rr snart slut f\u00f6r Tore men vi f\u00e5r vara s\u00e5 innerligt tacksamma f\u00f6r allt han \u00e5stadkommit under denna tid. Tack!!!!!<\/p>\n<p>\u00a0<\/p>\n<p><img loading=\"lazy\" decoding=\"async\" class=\"aligncenter size-medium wp-image-435\" title=\"10vintertore1\" src=\"http:\/\/roan.junselebyar.se\/nyheter\/wp-content\/uploads\/2010\/10\/10vintertore1-300x172.jpg\" alt=\"10vintertore1\" width=\"300\" height=\"172\" srcset=\"https:\/\/roan.junselebyar.se\/nyheter\/wp-content\/uploads\/2010\/10\/10vintertore1-300x172.jpg 300w, https:\/\/roan.junselebyar.se\/nyheter\/wp-content\/uploads\/2010\/10\/10vintertore1.jpg 576w\" sizes=\"auto, (max-width: 300px) 100vw, 300px\" \/><\/p>\n<p>S\u00e5 l\u00e4mnar jag Tore att forts\u00e4tta med f\u00f6rr\u00e5det. Dagen g\u00e5r mot sitt slut. Det k\u00e4nns kyligt i luften och snart kommer m\u00e5nen upp \u00f6ver byn. Det blir nog en kall natt. Sk\u00f6nt med vedspisen.<\/p>\n<p>\u00a0<\/p>\n<p><img loading=\"lazy\" decoding=\"async\" class=\"aligncenter size-full wp-image-437\" title=\"Fullm\u00e5ne \u00f6ver byn\" src=\"http:\/\/roan.junselebyar.se\/nyheter\/wp-content\/uploads\/2010\/10\/10vinter51.jpg\" alt=\"Fullm\u00e5ne \u00f6ver byn\" width=\"576\" height=\"352\" srcset=\"https:\/\/roan.junselebyar.se\/nyheter\/wp-content\/uploads\/2010\/10\/10vinter51.jpg 576w, https:\/\/roan.junselebyar.se\/nyheter\/wp-content\/uploads\/2010\/10\/10vinter51-300x183.jpg 300w\" sizes=\"auto, (max-width: 576px) 100vw, 576px\" \/>\u00a0\u00a0\u00a0\u00a0\u00a0\u00a0\u00a0\u00a0\u00a0\u00a0\u00a0\u00a0\u00a0\u00a0\u00a0\u00a0\u00a0\u00a0\u00a0\u00a0\u00a0\u00a0\u00a0\u00a0\u00a0\u00a0\u00a0\u00a0\u00a0\u00a0\u00a0\u00a0\u00a0\u00a0\u00a0\u00a0\u00a0\u00a0\u00a0\u00a0\u00a0\u00a0\u00a0\u00a0\u00a0\u00a0\u00a0\u00a0\u00a0\u00a0\u00a0\u00a0\u00a0\u00a0\u00a0<\/p>\n<p>\/Text och bild : Brita<\/p>\n","protected":false},"excerpt":{"rendered":"<p>En dag i R\u00f6\u00e5n. \u00a0Hoppsan \u00a0 Vintern kom pl\u00f6tsligt&#8230;.i g\u00e5r. Man visste ju f\u00f6rst\u00e5s att den skulle komma men \u00e4nd\u00e5 var s\u00e5 mycket ogjort. Ta in solstolen (som man aldrig hann sitta i), ta ur batterierna ur gr\u00e4sklippartraktorn, s\u00e4tta upp f\u00e5gelfr\u00f6huset,\u00a0\u00a0s\u00e4tta in innanf\u00f6nstren. Men \u00e4nd\u00e5 -n\u00e4r man s\u00e5g hur vackert och ljust allt blev- s\u00e5 [&hellip;]<\/p>\n","protected":false},"author":2,"featured_media":0,"comment_status":"open","ping_status":"open","sticky":false,"template":"","format":"standard","meta":{"footnotes":""},"categories":[3],"tags":[],"class_list":["post-420","post","type-post","status-publish","format-standard","hentry","category-allmant"],"_links":{"self":[{"href":"https:\/\/roan.junselebyar.se\/index.php?rest_route=\/wp\/v2\/posts\/420","targetHints":{"allow":["GET"]}}],"collection":[{"href":"https:\/\/roan.junselebyar.se\/index.php?rest_route=\/wp\/v2\/posts"}],"about":[{"href":"https:\/\/roan.junselebyar.se\/index.php?rest_route=\/wp\/v2\/types\/post"}],"author":[{"embeddable":true,"href":"https:\/\/roan.junselebyar.se\/index.php?rest_route=\/wp\/v2\/users\/2"}],"replies":[{"embeddable":true,"href":"https:\/\/roan.junselebyar.se\/index.php?rest_route=%2Fwp%2Fv2%2Fcomments&post=420"}],"version-history":[{"count":15,"href":"https:\/\/roan.junselebyar.se\/index.php?rest_route=\/wp\/v2\/posts\/420\/revisions"}],"predecessor-version":[{"id":444,"href":"https:\/\/roan.junselebyar.se\/index.php?rest_route=\/wp\/v2\/posts\/420\/revisions\/444"}],"wp:attachment":[{"href":"https:\/\/roan.junselebyar.se\/index.php?rest_route=%2Fwp%2Fv2%2Fmedia&parent=420"}],"wp:term":[{"taxonomy":"category","embeddable":true,"href":"https:\/\/roan.junselebyar.se\/index.php?rest_route=%2Fwp%2Fv2%2Fcategories&post=420"},{"taxonomy":"post_tag","embeddable":true,"href":"https:\/\/roan.junselebyar.se\/index.php?rest_route=%2Fwp%2Fv2%2Ftags&post=420"}],"curies":[{"name":"wp","href":"https:\/\/api.w.org\/{rel}","templated":true}]}}