{"id":463,"date":"2010-11-23T10:38:12","date_gmt":"2010-11-23T09:38:12","guid":{"rendered":"http:\/\/roan.junselebyar.se\/?p=463"},"modified":"2010-12-02T22:50:24","modified_gmt":"2010-12-02T21:50:24","slug":"brrrrrrr","status":"publish","type":"post","link":"https:\/\/roan.junselebyar.se\/?p=463","title":{"rendered":"Brrrrrrr!"},"content":{"rendered":"<p style=\"text-align: left;\">Nu sveper vintern in oss i sin ute-morgonkalldimma och sitt inne-stearinljusmys. Mycket vedb\u00e4rning blir det. Tur \u00e4nd\u00e5 att man inte \u00e4r ett stackars r\u00e5djur, som hela tiden m\u00e5ste st\u00e5 p\u00e5 helsp\u00e4nn.<\/p>\n<p><img loading=\"lazy\" decoding=\"async\" class=\"aligncenter size-full wp-image-466\" title=\"vintermorgonogon\" src=\"http:\/\/roan.junselebyar.se\/nyheter\/wp-content\/uploads\/2010\/11\/vintermorgonogon1.jpg\" alt=\"vintermorgonogon\" width=\"400\" height=\"334\" srcset=\"https:\/\/roan.junselebyar.se\/nyheter\/wp-content\/uploads\/2010\/11\/vintermorgonogon1.jpg 571w, https:\/\/roan.junselebyar.se\/nyheter\/wp-content\/uploads\/2010\/11\/vintermorgonogon1-300x250.jpg 300w\" sizes=\"auto, (max-width: 400px) 100vw, 400px\" \/><\/p>\n<p>&#8220;Undrar om man st\u00e5r s\u00e4kert nu. Hunden verkar vara kedjad som tur \u00e4r. Men hon d\u00e4r bakom gardinen d\u00e5?&#8230;..&#8221;<\/p>\n<p>\u00a0<\/p>\n<p><img loading=\"lazy\" decoding=\"async\" class=\"aligncenter size-medium wp-image-478\" title=\"sol\" src=\"http:\/\/roan.junselebyar.se\/nyheter\/wp-content\/uploads\/2010\/11\/sol1-300x159.jpg\" alt=\"sol\" width=\"400\" height=\"212\" srcset=\"https:\/\/roan.junselebyar.se\/nyheter\/wp-content\/uploads\/2010\/11\/sol1-300x159.jpg 300w, https:\/\/roan.junselebyar.se\/nyheter\/wp-content\/uploads\/2010\/11\/sol1.jpg 1791w\" sizes=\"auto, (max-width: 400px) 100vw, 400px\" \/><\/p>\n<p>\u00d6ver Tar\u00e5 h\u00e5ller solen p\u00e5 att k\u00e4mpa sig\u00a0upp\u00a0igenom morgondimmorna. En ny dag randas.<\/p>\n<p><em>Tarabrita<\/em><\/p>\n","protected":false},"excerpt":{"rendered":"<p>Nu sveper vintern in oss i sin ute-morgonkalldimma och sitt inne-stearinljusmys. Mycket vedb\u00e4rning blir det. Tur \u00e4nd\u00e5 att man inte \u00e4r ett stackars r\u00e5djur, som hela tiden m\u00e5ste st\u00e5 p\u00e5 helsp\u00e4nn. &#8220;Undrar om man st\u00e5r s\u00e4kert nu. Hunden verkar vara kedjad som tur \u00e4r. Men hon d\u00e4r bakom gardinen d\u00e5?&#8230;..&#8221; \u00a0 \u00d6ver Tar\u00e5 h\u00e5ller solen [&hellip;]<\/p>\n","protected":false},"author":2,"featured_media":0,"comment_status":"open","ping_status":"open","sticky":false,"template":"","format":"standard","meta":{"footnotes":""},"categories":[3],"tags":[],"class_list":["post-463","post","type-post","status-publish","format-standard","hentry","category-allmant"],"_links":{"self":[{"href":"https:\/\/roan.junselebyar.se\/index.php?rest_route=\/wp\/v2\/posts\/463","targetHints":{"allow":["GET"]}}],"collection":[{"href":"https:\/\/roan.junselebyar.se\/index.php?rest_route=\/wp\/v2\/posts"}],"about":[{"href":"https:\/\/roan.junselebyar.se\/index.php?rest_route=\/wp\/v2\/types\/post"}],"author":[{"embeddable":true,"href":"https:\/\/roan.junselebyar.se\/index.php?rest_route=\/wp\/v2\/users\/2"}],"replies":[{"embeddable":true,"href":"https:\/\/roan.junselebyar.se\/index.php?rest_route=%2Fwp%2Fv2%2Fcomments&post=463"}],"version-history":[{"count":16,"href":"https:\/\/roan.junselebyar.se\/index.php?rest_route=\/wp\/v2\/posts\/463\/revisions"}],"predecessor-version":[{"id":484,"href":"https:\/\/roan.junselebyar.se\/index.php?rest_route=\/wp\/v2\/posts\/463\/revisions\/484"}],"wp:attachment":[{"href":"https:\/\/roan.junselebyar.se\/index.php?rest_route=%2Fwp%2Fv2%2Fmedia&parent=463"}],"wp:term":[{"taxonomy":"category","embeddable":true,"href":"https:\/\/roan.junselebyar.se\/index.php?rest_route=%2Fwp%2Fv2%2Fcategories&post=463"},{"taxonomy":"post_tag","embeddable":true,"href":"https:\/\/roan.junselebyar.se\/index.php?rest_route=%2Fwp%2Fv2%2Ftags&post=463"}],"curies":[{"name":"wp","href":"https:\/\/api.w.org\/{rel}","templated":true}]}}