{"id":522,"date":"2010-12-22T16:52:44","date_gmt":"2010-12-22T15:52:44","guid":{"rendered":"http:\/\/roan.junselebyar.se\/?p=522"},"modified":"2010-12-23T00:49:20","modified_gmt":"2010-12-22T23:49:20","slug":"midvinterkold","status":"publish","type":"post","link":"https:\/\/roan.junselebyar.se\/?p=522","title":{"rendered":"Midvinterk\u00f6ld"},"content":{"rendered":"<p><em><strong>\u00a0<\/strong><\/em><\/p>\n<p><em><strong>\u00a0<img loading=\"lazy\" decoding=\"async\" class=\"aligncenter size-medium wp-image-541\" title=\"101222mingran2\" src=\"http:\/\/roan.junselebyar.se\/nyheter\/wp-content\/uploads\/2010\/12\/101222mingran2-400x267.jpg\" alt=\"101222mingran2\" width=\"400\" height=\"267\" \/><\/strong><\/em><\/p>\n<p><em><strong>M<\/strong>idvinternattens k\u00f6ld \u00e4r h\u00e5rd,<br \/>\n\u00a0stj\u00e4rnorna gnistra och glimma.<\/em><\/p>\n<p><em>(<\/em>Korrekt l\u00e4gesbeskrivning)<br \/>\n\u00a0<\/p>\n<p><em>Alla <strong>sova<\/strong> i enslig g\u00e5rd<br \/>\n\u00a0djupt under midnattstimma.<\/em><\/p>\n<p>(Protest! G\u00e4ller absolut inte alla dem som m\u00e5ste h\u00e5lla husv\u00e4rmen med en vedspis och kanske litet direktel. Dom sover inget vidare n\u00e4r termometern kryper ner under -30. Men visst&#8230;.vackert&#8230;.i och f\u00f6r sig&#8230;..kanske&#8230;.)<\/p>\n<p>\u00a0<em>M\u00e5nen vandrar sin tysta ban,<\/em><\/p>\n<p><em><img loading=\"lazy\" decoding=\"async\" class=\"aligncenter size-medium wp-image-544\" title=\"101222manebakomkrister\" src=\"http:\/\/roan.junselebyar.se\/nyheter\/wp-content\/uploads\/2010\/12\/101222manebakomkrister-400x329.jpg\" alt=\"101222manebakomkrister\" width=\"376\" height=\"291\" \/><\/em><\/p>\n<p>M\u00e5nen har p\u00e5b\u00f6rjat sin himlaf\u00e4rd.<\/p>\n<p><em>\u00a0<\/em><\/p>\n<p>\u00a0<em>sn\u00f6n lyser vit p\u00e5 fur och gran,<br \/>\n\u00a0sn\u00f6n lyser vit p\u00e5 taken.<\/em><\/p>\n<p>(F\u00f6rvisso)<\/p>\n<p>\u00a0<br \/>\n\u00a0<em><strong>Endast tomten \u00e4r vaken. <\/strong><\/em><\/p>\n<p>(????!!!!!!!!!!!!!!!!!!!!!!!)<\/p>\n<p>\u00a0<strong>Men nu v\u00e4nder det!<\/strong><\/p>\n<p><img loading=\"lazy\" decoding=\"async\" class=\"aligncenter size-medium wp-image-542\" title=\"101222byn\" src=\"http:\/\/roan.junselebyar.se\/nyheter\/wp-content\/uploads\/2010\/12\/101222byn-400x226.jpg\" alt=\"101222byn\" width=\"400\" height=\"226\" srcset=\"https:\/\/roan.junselebyar.se\/nyheter\/wp-content\/uploads\/2010\/12\/101222byn-400x226.jpg 400w, https:\/\/roan.junselebyar.se\/nyheter\/wp-content\/uploads\/2010\/12\/101222byn.jpg 1746w\" sizes=\"auto, (max-width: 400px) 100vw, 400px\" \/><strong><\/strong><\/p>\n<p><strong>Byn<\/strong> den kortast dagen&#8230;&#8230;.<\/p>\n<p><img loading=\"lazy\" decoding=\"async\" class=\"aligncenter size-medium wp-image-543\" title=\"101222bynnatt\" src=\"http:\/\/roan.junselebyar.se\/nyheter\/wp-content\/uploads\/2010\/12\/101222bynnatt-400x224.jpg\" alt=\"101222bynnatt\" width=\"400\" height=\"224\" \/><\/p>\n<p>&#8230;..och den l\u00e4ngsta natten<\/p>\n<p>\u00a0<\/p>\n<p>From all of me<\/p>\n<p>to all of you:<\/p>\n<p><strong>a very merry Christmas!<\/strong><\/p>\n<p><img loading=\"lazy\" decoding=\"async\" class=\"aligncenter size-medium wp-image-545\" title=\"godjulgran\" src=\"http:\/\/roan.junselebyar.se\/nyheter\/wp-content\/uploads\/2010\/12\/godjulgran1-310x399.jpg\" alt=\"godjulgran\" width=\"310\" height=\"399\" srcset=\"https:\/\/roan.junselebyar.se\/nyheter\/wp-content\/uploads\/2010\/12\/godjulgran1-310x399.jpg 310w, https:\/\/roan.junselebyar.se\/nyheter\/wp-content\/uploads\/2010\/12\/godjulgran1.jpg 500w\" sizes=\"auto, (max-width: 310px) 100vw, 310px\" \/><strong><\/strong><\/p>\n<p>\/tarabrita<\/p>\n","protected":false},"excerpt":{"rendered":"<p>\u00a0 \u00a0 Midvinternattens k\u00f6ld \u00e4r h\u00e5rd, \u00a0stj\u00e4rnorna gnistra och glimma. (Korrekt l\u00e4gesbeskrivning) \u00a0 Alla sova i enslig g\u00e5rd \u00a0djupt under midnattstimma. (Protest! G\u00e4ller absolut inte alla dem som m\u00e5ste h\u00e5lla husv\u00e4rmen med en vedspis och kanske litet direktel. Dom sover inget vidare n\u00e4r termometern kryper ner under -30. Men visst&#8230;.vackert&#8230;.i och f\u00f6r sig&#8230;..kanske&#8230;.) \u00a0M\u00e5nen vandrar [&hellip;]<\/p>\n","protected":false},"author":2,"featured_media":0,"comment_status":"open","ping_status":"open","sticky":false,"template":"","format":"standard","meta":{"footnotes":""},"categories":[3],"tags":[],"class_list":["post-522","post","type-post","status-publish","format-standard","hentry","category-allmant"],"_links":{"self":[{"href":"https:\/\/roan.junselebyar.se\/index.php?rest_route=\/wp\/v2\/posts\/522","targetHints":{"allow":["GET"]}}],"collection":[{"href":"https:\/\/roan.junselebyar.se\/index.php?rest_route=\/wp\/v2\/posts"}],"about":[{"href":"https:\/\/roan.junselebyar.se\/index.php?rest_route=\/wp\/v2\/types\/post"}],"author":[{"embeddable":true,"href":"https:\/\/roan.junselebyar.se\/index.php?rest_route=\/wp\/v2\/users\/2"}],"replies":[{"embeddable":true,"href":"https:\/\/roan.junselebyar.se\/index.php?rest_route=%2Fwp%2Fv2%2Fcomments&post=522"}],"version-history":[{"count":14,"href":"https:\/\/roan.junselebyar.se\/index.php?rest_route=\/wp\/v2\/posts\/522\/revisions"}],"predecessor-version":[{"id":535,"href":"https:\/\/roan.junselebyar.se\/index.php?rest_route=\/wp\/v2\/posts\/522\/revisions\/535"}],"wp:attachment":[{"href":"https:\/\/roan.junselebyar.se\/index.php?rest_route=%2Fwp%2Fv2%2Fmedia&parent=522"}],"wp:term":[{"taxonomy":"category","embeddable":true,"href":"https:\/\/roan.junselebyar.se\/index.php?rest_route=%2Fwp%2Fv2%2Fcategories&post=522"},{"taxonomy":"post_tag","embeddable":true,"href":"https:\/\/roan.junselebyar.se\/index.php?rest_route=%2Fwp%2Fv2%2Ftags&post=522"}],"curies":[{"name":"wp","href":"https:\/\/api.w.org\/{rel}","templated":true}]}}