{"id":706,"date":"2011-03-16T21:14:16","date_gmt":"2011-03-16T20:14:16","guid":{"rendered":"http:\/\/roan.junselebyar.se\/?p=706"},"modified":"2011-03-16T21:14:16","modified_gmt":"2011-03-16T20:14:16","slug":"byalagsnytt","status":"publish","type":"post","link":"https:\/\/roan.junselebyar.se\/?p=706","title":{"rendered":"Byalagsnytt"},"content":{"rendered":"<p style=\"text-align: center;\">\n<p style=\"text-align: left;\">S\u00f6ndagen den 27 februari var det dax f\u00f6r byalagets \u00e5rsm\u00f6te. M\u00f6tet h\u00f6lls p\u00e5 f\u00f6reningshuset och nio medlemmar var n\u00e4rvarande. Meta Bergman h\u00f6ll i klubban och Kerstin Tarander i pennan. Verksamhetsber\u00e4ttelsen den ekonomiska rapporten godk\u00e4ndes. Revisorerna som granskat \u00a0v\u00e5r ekonomi, f\u00f6reslog m\u00f6tet att ge styrelsen ansvarsfrihet och det blev m\u00f6tets beslut.Styrelsen f\u00f6r i \u00e5r \u00e4r: Meta Bergman ordf\u00f6rande,Kerstin Tarander sekreterare,Lars-G\u00f6ran S\u00f6derman kass\u00f6r. Ledarm\u00f6ter: Jessika Lamp och Stig-Ingvar Viklund. Suppleanter: \u00a0Sture Tarander och Pia Fernlund. Revisorer: Jonny Viklund, Agneta Lamp och Maggi Norlen revisorsuppleant. Valberedning Anna-Greta S\u00f6derman och Kurt Tarander och som suppleant Anders Tarander. Vi ska \u00e4ven i \u00e5r utse pristagare till R\u00f6\u00e5ns Milj\u00f6pris 2011 och ha v\u00e5rt medlemsskap kvar i \u00c4lvr\u00e4ddarnas riksf\u00f6rbund.<\/p>\n<p style=\"text-align: left;\">Vi har \u00e4ven haft f\u00f6rsta medlemsm\u00f6tet f\u00f6r i \u00e5r. Kass\u00f6ren redogjorde f\u00f6r det aktuella ekonomiska l\u00e4get och det ser bra bra ut. Det besl\u00f6ts att forts\u00e4tta reparationer av f\u00f6reningshuset. Festkomite\u00b4valdes. I den sitter Anna-Greta. Britt och Jessika. Vi ska ha valborgsm\u00e4ssofirande \u00e4ven i \u00e5r med fika och fyrverkerier. Det besl\u00f6ts ocks\u00e5 att k\u00f6pa in ny julgransbelysning, Som representanter i byalagsforum valdes Brita och Meta. Till representant f\u00f6r n\u00e4rradion valdes Anna-Greta.En liten invigningsfest blir det d\u00e5 k\u00f6ket p\u00e5 f\u00f6reningshuset st\u00e5r klart.N\u00e4sta m\u00f6te f\u00f6rl\u00e4ggs till st\u00e4d och m\u00e5lardagen.<\/p>\n<p style=\"text-align: left;\">\n<p style=\"text-align: left;\">\n","protected":false},"excerpt":{"rendered":"<p>S\u00f6ndagen den 27 februari var det dax f\u00f6r byalagets \u00e5rsm\u00f6te. M\u00f6tet h\u00f6lls p\u00e5 f\u00f6reningshuset och nio medlemmar var n\u00e4rvarande. Meta Bergman h\u00f6ll i klubban och Kerstin Tarander i pennan. Verksamhetsber\u00e4ttelsen den ekonomiska rapporten godk\u00e4ndes. Revisorerna som granskat \u00a0v\u00e5r ekonomi, f\u00f6reslog m\u00f6tet att ge styrelsen ansvarsfrihet och det blev m\u00f6tets beslut.Styrelsen f\u00f6r i \u00e5r \u00e4r: Meta [&hellip;]<\/p>\n","protected":false},"author":3,"featured_media":0,"comment_status":"open","ping_status":"open","sticky":false,"template":"","format":"standard","meta":{"footnotes":""},"categories":[3],"tags":[],"class_list":["post-706","post","type-post","status-publish","format-standard","hentry","category-allmant"],"_links":{"self":[{"href":"https:\/\/roan.junselebyar.se\/index.php?rest_route=\/wp\/v2\/posts\/706","targetHints":{"allow":["GET"]}}],"collection":[{"href":"https:\/\/roan.junselebyar.se\/index.php?rest_route=\/wp\/v2\/posts"}],"about":[{"href":"https:\/\/roan.junselebyar.se\/index.php?rest_route=\/wp\/v2\/types\/post"}],"author":[{"embeddable":true,"href":"https:\/\/roan.junselebyar.se\/index.php?rest_route=\/wp\/v2\/users\/3"}],"replies":[{"embeddable":true,"href":"https:\/\/roan.junselebyar.se\/index.php?rest_route=%2Fwp%2Fv2%2Fcomments&post=706"}],"version-history":[{"count":1,"href":"https:\/\/roan.junselebyar.se\/index.php?rest_route=\/wp\/v2\/posts\/706\/revisions"}],"predecessor-version":[{"id":707,"href":"https:\/\/roan.junselebyar.se\/index.php?rest_route=\/wp\/v2\/posts\/706\/revisions\/707"}],"wp:attachment":[{"href":"https:\/\/roan.junselebyar.se\/index.php?rest_route=%2Fwp%2Fv2%2Fmedia&parent=706"}],"wp:term":[{"taxonomy":"category","embeddable":true,"href":"https:\/\/roan.junselebyar.se\/index.php?rest_route=%2Fwp%2Fv2%2Fcategories&post=706"},{"taxonomy":"post_tag","embeddable":true,"href":"https:\/\/roan.junselebyar.se\/index.php?rest_route=%2Fwp%2Fv2%2Ftags&post=706"}],"curies":[{"name":"wp","href":"https:\/\/api.w.org\/{rel}","templated":true}]}}