{"id":723,"date":"2011-03-24T16:26:28","date_gmt":"2011-03-24T15:26:28","guid":{"rendered":"http:\/\/roan.junselebyar.se\/?p=723"},"modified":"2011-03-24T22:07:56","modified_gmt":"2011-03-24T21:07:56","slug":"varvindar-friska-och-earth-hour","status":"publish","type":"post","link":"https:\/\/roan.junselebyar.se\/?p=723","title":{"rendered":"V\u00e5rvindar friska och Earth Hour"},"content":{"rendered":"<div id=\"attachment_724\" style=\"width: 450px\" class=\"wp-caption alignnone\"><a href=\"http:\/\/roan.junselebyar.se\/nyheter\/wp-content\/uploads\/2011\/03\/11varvindarfriska2.jpg\"><img loading=\"lazy\" decoding=\"async\" aria-describedby=\"caption-attachment-724\" class=\"size-medium wp-image-724 \" title=\"11varvindarfriska2\" src=\"http:\/\/roan.junselebyar.se\/nyheter\/wp-content\/uploads\/2011\/03\/11varvindarfriska2-440x318.jpg\" alt=\"V\u00e5rvindar \u00f6ver byn\" width=\"440\" height=\"318\" srcset=\"https:\/\/roan.junselebyar.se\/nyheter\/wp-content\/uploads\/2011\/03\/11varvindarfriska2-440x318.jpg 440w, https:\/\/roan.junselebyar.se\/nyheter\/wp-content\/uploads\/2011\/03\/11varvindarfriska2.jpg 1563w\" sizes=\"auto, (max-width: 440px) 100vw, 440px\" \/><\/a><p id=\"caption-attachment-724\" class=\"wp-caption-text\">V\u00e5rvindar \u00f6ver byn<\/p><\/div>\n<p>&#8220;L\u00f6rdagen den 26 mars kl 20.30 \u00e4r det dags igen f\u00f6r Earth Hour \u2013\u00a0den st\u00f6rsta milj\u00f6manifestationen genom tiderna. D\u00e5 sl\u00e4cker vi ljuset under en timmes tid f\u00f6r att skicka en signal till v\u00e4rldens beslutsfattare om att ta klimatfr\u00e5gan p\u00e5 allvar. &#8221;<\/p>\n<div id=\"attachment_725\" style=\"width: 450px\" class=\"wp-caption alignnone\"><a href=\"http:\/\/roan.junselebyar.se\/nyheter\/wp-content\/uploads\/2011\/03\/11varvindarfriska.jpg\"><img loading=\"lazy\" decoding=\"async\" aria-describedby=\"caption-attachment-725\" class=\"size-medium wp-image-725  \" title=\"11varvindarfriska\" src=\"http:\/\/roan.junselebyar.se\/nyheter\/wp-content\/uploads\/2011\/03\/11varvindarfriska-440x351.jpg\" alt=\"V\u00e5rvindar \u00f6ver byn\" width=\"440\" height=\"351\" srcset=\"https:\/\/roan.junselebyar.se\/nyheter\/wp-content\/uploads\/2011\/03\/11varvindarfriska-440x351.jpg 440w, https:\/\/roan.junselebyar.se\/nyheter\/wp-content\/uploads\/2011\/03\/11varvindarfriska.jpg 1496w\" sizes=\"auto, (max-width: 440px) 100vw, 440px\" \/><\/a><p id=\"caption-attachment-725\" class=\"wp-caption-text\">Sn\u00f6n yr \u00f6ver byn<\/p><\/div>\n<p><strong><\/strong>\u00a0<\/p>\n<div class=\"mceTemp\">\n<dl id=\"attachment_726\" class=\"wp-caption alignnone\" style=\"width: 450px;\">\n<dt class=\"wp-caption-dt\"><a href=\"http:\/\/roan.junselebyar.se\/nyheter\/wp-content\/uploads\/2011\/03\/11varvindarfriskatraktor.jpg\"><img loading=\"lazy\" decoding=\"async\" class=\"size-medium wp-image-726 \" title=\"11varvindarfriskatraktor\" src=\"http:\/\/roan.junselebyar.se\/nyheter\/wp-content\/uploads\/2011\/03\/11varvindarfriskatraktor-440x334.jpg\" alt=\"Traktor med bal i yrv\u00e4dret\" width=\"440\" height=\"334\" srcset=\"https:\/\/roan.junselebyar.se\/nyheter\/wp-content\/uploads\/2011\/03\/11varvindarfriskatraktor-440x334.jpg 440w, https:\/\/roan.junselebyar.se\/nyheter\/wp-content\/uploads\/2011\/03\/11varvindarfriskatraktor.jpg 1580w\" sizes=\"auto, (max-width: 440px) 100vw, 440px\" \/><\/a><\/dt>\n<dd class=\"wp-caption-dd\">Traktor med bal i yrv\u00e4dret<\/dd>\n<\/dl>\n<p>\/Brita<\/p><\/div>\n","protected":false},"excerpt":{"rendered":"<p>&#8220;L\u00f6rdagen den 26 mars kl 20.30 \u00e4r det dags igen f\u00f6r Earth Hour \u2013\u00a0den st\u00f6rsta milj\u00f6manifestationen genom tiderna. D\u00e5 sl\u00e4cker vi ljuset under en timmes tid f\u00f6r att skicka en signal till v\u00e4rldens beslutsfattare om att ta klimatfr\u00e5gan p\u00e5 allvar. &#8221; \u00a0 Traktor med bal i yrv\u00e4dret \/Brita<\/p>\n","protected":false},"author":2,"featured_media":0,"comment_status":"open","ping_status":"open","sticky":false,"template":"","format":"standard","meta":{"footnotes":""},"categories":[3],"tags":[],"class_list":["post-723","post","type-post","status-publish","format-standard","hentry","category-allmant"],"_links":{"self":[{"href":"https:\/\/roan.junselebyar.se\/index.php?rest_route=\/wp\/v2\/posts\/723","targetHints":{"allow":["GET"]}}],"collection":[{"href":"https:\/\/roan.junselebyar.se\/index.php?rest_route=\/wp\/v2\/posts"}],"about":[{"href":"https:\/\/roan.junselebyar.se\/index.php?rest_route=\/wp\/v2\/types\/post"}],"author":[{"embeddable":true,"href":"https:\/\/roan.junselebyar.se\/index.php?rest_route=\/wp\/v2\/users\/2"}],"replies":[{"embeddable":true,"href":"https:\/\/roan.junselebyar.se\/index.php?rest_route=%2Fwp%2Fv2%2Fcomments&post=723"}],"version-history":[{"count":6,"href":"https:\/\/roan.junselebyar.se\/index.php?rest_route=\/wp\/v2\/posts\/723\/revisions"}],"predecessor-version":[{"id":732,"href":"https:\/\/roan.junselebyar.se\/index.php?rest_route=\/wp\/v2\/posts\/723\/revisions\/732"}],"wp:attachment":[{"href":"https:\/\/roan.junselebyar.se\/index.php?rest_route=%2Fwp%2Fv2%2Fmedia&parent=723"}],"wp:term":[{"taxonomy":"category","embeddable":true,"href":"https:\/\/roan.junselebyar.se\/index.php?rest_route=%2Fwp%2Fv2%2Fcategories&post=723"},{"taxonomy":"post_tag","embeddable":true,"href":"https:\/\/roan.junselebyar.se\/index.php?rest_route=%2Fwp%2Fv2%2Ftags&post=723"}],"curies":[{"name":"wp","href":"https:\/\/api.w.org\/{rel}","templated":true}]}}