{"id":746,"date":"2011-05-25T23:18:24","date_gmt":"2011-05-25T21:18:24","guid":{"rendered":"http:\/\/roan.junselebyar.se\/?p=746"},"modified":"2011-05-27T15:31:27","modified_gmt":"2011-05-27T13:31:27","slug":"aff-fiskerad-och-vattenradet","status":"publish","type":"post","link":"https:\/\/roan.junselebyar.se\/?p=746","title":{"rendered":"\u00c5FF Fisker\u00e5d och Vattenr\u00e5det"},"content":{"rendered":"<p><em><strong>Vattendirektivet eller ramdirektivet f\u00f6r vatten<\/strong> (<\/em><a title=\"Europaparlamentet\" href=\"http:\/\/sv.wikipedia.org\/wiki\/Europaparlamentet\"><em>Europaparlamentets<\/em><\/a><em> och <\/em><a title=\"Europar\u00e5det\" href=\"http:\/\/sv.wikipedia.org\/wiki\/Europar%C3%A5det\"><em>r\u00e5dets<\/em><\/a><em> direktiv 2000\/60\/EG) fastsl\u00e5r en ram f\u00f6r den europeiska gemenskapens vattenpolitiska samarbete. Direktivet tr\u00e4dde i kraft <\/em><a title=\"22 december\" href=\"http:\/\/sv.wikipedia.org\/wiki\/22_december\"><em>22 december<\/em><\/a><em> <\/em><a title=\"2000\" href=\"http:\/\/sv.wikipedia.org\/wiki\/2000\"><em>2000<\/em><\/a><em>.<\/em><\/p>\n<p><em>Direktivet syftar till att etablera en ram f\u00f6r enhetliga regler p\u00e5 EU-niv\u00e5 f\u00f6r skydd av europeiska vatten; <\/em><a title=\"Insj\u00f6\" href=\"http:\/\/sv.wikipedia.org\/wiki\/Insj%C3%B6\"><em>sj\u00f6ar<\/em><\/a><em>, <\/em><a title=\"Vattendrag\" href=\"http:\/\/sv.wikipedia.org\/wiki\/Vattendrag\"><em>vattendrag<\/em><\/a><em>, kustvatten och <\/em><a title=\"Grundvatten\" href=\"http:\/\/sv.wikipedia.org\/wiki\/Grundvatten\"><em>grundvatten<\/em><\/a><em> men dock inte <\/em><a title=\"Hav\" href=\"http:\/\/sv.wikipedia.org\/wiki\/Hav\"><em>hav<\/em><\/a><em>. Det handlar fr\u00e4mst om att f\u00f6rb\u00e4ttra vattenrelaterat milj\u00f6arbete genom en gemensam <\/em><a title=\"Lagstiftning\" href=\"http:\/\/sv.wikipedia.org\/wiki\/Lagstiftning\"><em>lagstiftning<\/em><\/a><em> f\u00f6r vatten<\/em>.\/Wikipedia<\/p>\n<p>D\u00e4rf\u00f6r har man delat in Europa i vattendistrikt som \u00e4r s\u00e5 naturligt avgr\u00e4nsade som m\u00f6jligt ex. med avseende p\u00e5\u00a0tillrinningsomr\u00e5den.<\/p>\n<p>Sverige \u00e4r indelat i 5 vattendistrikt. Vi tillh\u00f6r Bottenhavets Vattendistrikt. I varje distrikt finns en vattenmyndighet som samordnar arbetet med vattenf\u00f6rvaltningen.<\/p>\n<p>V\u00e5r vattenmyndighet\u00a0har s\u00e4te\u00a0i H\u00e4rn\u00f6sand och har f\u00f6r r\u00e5dgivning ett Vattenr\u00e5d, som \u00e4r sammansatt av representanter f\u00f6r olika intressen visavi vatten. I v\u00e5rt vattenr\u00e5d sitter ex. representanter f\u00f6r kraftindustrin, skogsindustrin, kommuner, naturv\u00e5rd, \u00c4lvr\u00e4ddarna, Lrf och ja, jag har s\u00e4kert gl\u00f6mt en del.<\/p>\n<p>\u00d6nskv\u00e4rt vore ju att de\u00a0vanliga m\u00e4nniskorna-Du och jag- fritidsfiskarna-natur\u00e4lskarna-\u00a0i v\u00e5rt vattendistrikt, som omfattar \u00c5ngerman\u00e4lvens, Fax\u00e4lvens och Fj\u00e4llsj\u00f6\u00e4lvens nederb\u00f6rdsomr\u00e5den kunde representeras p\u00e5 ett bra vis i Vattenr\u00e5det.<\/p>\n<p>Det \u00e4r ett enormt stort distrikt vi bor i med massor av kraftverk(=fysiska hinder), som helt har omdanat \u00e4lvdalarna, dess vatten och d\u00e4rmed den biologiska m\u00e5ngfalden, fisket och turismpotentialen. Alla vi, som \u00f6nskar\u00a0 en\u00a0radikal f\u00f6r\u00e4ndring av v\u00e5ra \u00e4lvars fruktansv\u00e4rt f\u00f6rs\u00e4mrade biologiska status kan bidraga i detta arbete genom att engagera oss i \u00c5FF Fisker\u00e5d. FVO:n ,Byalag, privatpersoner- alla \u00e4r v\u00e4lkomna att s\u00f6ka medlemskap i denna f\u00f6rening och att aktivt arbeta med biologisk kartering av flottningsp\u00e5verkade vattendrag, tillrinnande b\u00e4ckar. \u00e5terst\u00e4llande av lekplatser\u00a0o.s.v. .<\/p>\n<p>18\/12 2010\u00a0 togs de f\u00f6rsta stegen i bildandet av <a href=\"http:\/\/roan.junselebyar.se\/?p=513\/\" target=\"_blank\">\u00c5FF Fisker\u00e5d<\/a>\u00a0p\u00e5 Forum i Junsele<\/p>\n<p>\u00a026\/01 2011 konstituerade vi oss, tog stadgar, valde styrelse och suppleanter m.m.<\/p>\n<div class=\"mceTemp\"><img loading=\"lazy\" decoding=\"async\" class=\"alignnone size-medium wp-image-759\" title=\"fiskeradkonst\" src=\"http:\/\/roan.junselebyar.se\/nyheter\/wp-content\/uploads\/2011\/05\/fiskeradkonst1-440x330.jpg\" alt=\"fiskeradkonst\" width=\"440\" height=\"330\" \/><\/div>\n<div class=\"mceTemp\"><img loading=\"lazy\" decoding=\"async\" class=\"alignnone size-medium wp-image-760\" title=\"fiskeraddem\" src=\"http:\/\/roan.junselebyar.se\/nyheter\/wp-content\/uploads\/2011\/05\/fiskeraddem1-440x571.jpg\" alt=\"fiskeraddem\" width=\"440\" height=\"571\" srcset=\"https:\/\/roan.junselebyar.se\/nyheter\/wp-content\/uploads\/2011\/05\/fiskeraddem1-440x571.jpg 440w, https:\/\/roan.junselebyar.se\/nyheter\/wp-content\/uploads\/2011\/05\/fiskeraddem1.jpg 1728w\" sizes=\"auto, (max-width: 440px) 100vw, 440px\" \/><\/div>\n<p>\u00a0G\u00f6ran demonstrerar redskap<\/p>\n<p>I dag 25\/5 har vi tr\u00e4ffats f\u00f6r f\u00f6rsta g\u00e5ngen, delar av styrelsen och suppleanter. Vi har d\u00e5 \u00e4ven presenterat oss f\u00f6r Vattenr\u00e5det<\/p>\n<p><img loading=\"lazy\" decoding=\"async\" class=\"alignnone size-medium wp-image-761\" title=\"m\u00f6te3\" src=\"http:\/\/roan.junselebyar.se\/nyheter\/wp-content\/uploads\/2011\/05\/m\u00f6te31-440x320.jpg\" alt=\"m\u00f6te3\" width=\"440\" height=\"320\" \/><\/p>\n<p>Meta till v\u00e4nster, Bengt fr\u00e5n Gulsele nere till h\u00f6ger, tandl\u00e4kare Bj\u00f6rn i bl\u00e5 tr\u00f6ja.<\/p>\n<p>\u00a0<\/p>\n<p><img loading=\"lazy\" decoding=\"async\" class=\"alignnone size-medium wp-image-762\" title=\"vattenr\u00e5det1\" src=\"http:\/\/roan.junselebyar.se\/nyheter\/wp-content\/uploads\/2011\/05\/vattenr\u00e5det11-440x235.jpg\" alt=\"vattenr\u00e5det1\" width=\"440\" height=\"235\" \/><\/p>\n<p>Tilsammans med delar av Vattenr\u00e5det<\/p>\n<div class=\"mceTemp\">\u00c5FF Fisker\u00e5d har inf\u00f6r framtiden massor med visioner, konkreta handlingprogram och planer. Det finns hur mycket som helst att skriva om i detta s\u00e5 jag f\u00e5r \u00e5terkomma en annan g\u00e5ng f\u00f6r det h\u00e4r blir s\u00e5 l\u00e5ngt. Men detta \u00e4r sj\u00e4lva grunden.<\/div>\n<div class=\"mceTemp\">\/Tarabrita<\/div>\n","protected":false},"excerpt":{"rendered":"<p>Vattendirektivet eller ramdirektivet f\u00f6r vatten (Europaparlamentets och r\u00e5dets direktiv 2000\/60\/EG) fastsl\u00e5r en ram f\u00f6r den europeiska gemenskapens vattenpolitiska samarbete. Direktivet tr\u00e4dde i kraft 22 december 2000. Direktivet syftar till att etablera en ram f\u00f6r enhetliga regler p\u00e5 EU-niv\u00e5 f\u00f6r skydd av europeiska vatten; sj\u00f6ar, vattendrag, kustvatten och grundvatten men dock inte hav. Det handlar fr\u00e4mst [&hellip;]<\/p>\n","protected":false},"author":2,"featured_media":0,"comment_status":"open","ping_status":"open","sticky":false,"template":"","format":"standard","meta":{"footnotes":""},"categories":[3,6],"tags":[],"class_list":["post-746","post","type-post","status-publish","format-standard","hentry","category-allmant","category-miljo"],"_links":{"self":[{"href":"https:\/\/roan.junselebyar.se\/index.php?rest_route=\/wp\/v2\/posts\/746","targetHints":{"allow":["GET"]}}],"collection":[{"href":"https:\/\/roan.junselebyar.se\/index.php?rest_route=\/wp\/v2\/posts"}],"about":[{"href":"https:\/\/roan.junselebyar.se\/index.php?rest_route=\/wp\/v2\/types\/post"}],"author":[{"embeddable":true,"href":"https:\/\/roan.junselebyar.se\/index.php?rest_route=\/wp\/v2\/users\/2"}],"replies":[{"embeddable":true,"href":"https:\/\/roan.junselebyar.se\/index.php?rest_route=%2Fwp%2Fv2%2Fcomments&post=746"}],"version-history":[{"count":11,"href":"https:\/\/roan.junselebyar.se\/index.php?rest_route=\/wp\/v2\/posts\/746\/revisions"}],"predecessor-version":[{"id":758,"href":"https:\/\/roan.junselebyar.se\/index.php?rest_route=\/wp\/v2\/posts\/746\/revisions\/758"}],"wp:attachment":[{"href":"https:\/\/roan.junselebyar.se\/index.php?rest_route=%2Fwp%2Fv2%2Fmedia&parent=746"}],"wp:term":[{"taxonomy":"category","embeddable":true,"href":"https:\/\/roan.junselebyar.se\/index.php?rest_route=%2Fwp%2Fv2%2Fcategories&post=746"},{"taxonomy":"post_tag","embeddable":true,"href":"https:\/\/roan.junselebyar.se\/index.php?rest_route=%2Fwp%2Fv2%2Ftags&post=746"}],"curies":[{"name":"wp","href":"https:\/\/api.w.org\/{rel}","templated":true}]}}