{"id":768,"date":"2011-06-27T23:44:40","date_gmt":"2011-06-27T21:44:40","guid":{"rendered":"http:\/\/roan.junselebyar.se\/?p=768"},"modified":"2011-06-27T23:44:40","modified_gmt":"2011-06-27T21:44:40","slug":"sommar-blommor-humlor-och-bin","status":"publish","type":"post","link":"https:\/\/roan.junselebyar.se\/?p=768","title":{"rendered":"Sommar, blommor, humlor och bin"},"content":{"rendered":"<p>Det \u00e4r s\u00e5 vackert nu!<\/p>\n<p>\u00a0Och det luktor gott och det surrar \u00f6verallt bland blommor och blad.\u00a0Humlor och bin har br\u00e5da dagar och vinglar fram med pollenlaster i m\u00e5nga f\u00e4rger. Livet \u00e4r sk\u00f6nt och f\u00f6runderligt.<\/p>\n<p><img loading=\"lazy\" decoding=\"async\" class=\"alignnone size-medium wp-image-769\" title=\"11sommaeblajakob\" src=\"http:\/\/roan.junselebyar.se\/nyheter\/wp-content\/uploads\/2011\/06\/11sommaeblajakob-440x438.jpg\" alt=\"11sommaeblajakob\" width=\"440\" height=\"438\" srcset=\"https:\/\/roan.junselebyar.se\/nyheter\/wp-content\/uploads\/2011\/06\/11sommaeblajakob-440x438.jpg 440w, https:\/\/roan.junselebyar.se\/nyheter\/wp-content\/uploads\/2011\/06\/11sommaeblajakob.jpg 1104w\" sizes=\"auto, (max-width: 440px) 100vw, 440px\" \/><\/p>\n<p>Ett bi f\u00f6rser sig med pollen fr\u00e5n en &#8220;Jakobs Stege&#8221;<\/p>\n<p><img loading=\"lazy\" decoding=\"async\" class=\"alignnone size-medium wp-image-770\" title=\"11sommarbi\" src=\"http:\/\/roan.junselebyar.se\/nyheter\/wp-content\/uploads\/2011\/06\/11sommarbi-440x440.jpg\" alt=\"11sommarbi\" width=\"440\" height=\"440\" srcset=\"https:\/\/roan.junselebyar.se\/nyheter\/wp-content\/uploads\/2011\/06\/11sommarbi-440x440.jpg 440w, https:\/\/roan.junselebyar.se\/nyheter\/wp-content\/uploads\/2011\/06\/11sommarbi.jpg 900w\" sizes=\"auto, (max-width: 440px) 100vw, 440px\" \/><\/p>\n<p>Bi bland Bl\u00e5 Bergsvallmo och perenn Klint<\/p>\n<p><img loading=\"lazy\" decoding=\"async\" class=\"alignnone size-medium wp-image-772\" title=\"11sommarros\" src=\"http:\/\/roan.junselebyar.se\/nyheter\/wp-content\/uploads\/2011\/06\/11sommarros-440x424.jpg\" alt=\"11sommarros\" width=\"440\" height=\"424\" srcset=\"https:\/\/roan.junselebyar.se\/nyheter\/wp-content\/uploads\/2011\/06\/11sommarros-440x424.jpg 440w, https:\/\/roan.junselebyar.se\/nyheter\/wp-content\/uploads\/2011\/06\/11sommarros.jpg 678w\" sizes=\"auto, (max-width: 440px) 100vw, 440px\" \/><\/p>\n<p>Humlan tumlar omkring inne i en ros<\/p>\n<p>\u00a0<\/p>\n<p><img loading=\"lazy\" decoding=\"async\" class=\"alignnone size-medium wp-image-773\" title=\"11sommarfluga\" src=\"http:\/\/roan.junselebyar.se\/nyheter\/wp-content\/uploads\/2011\/06\/11sommarfluga-440x330.jpg\" alt=\"11sommarfluga\" width=\"440\" height=\"330\" srcset=\"https:\/\/roan.junselebyar.se\/nyheter\/wp-content\/uploads\/2011\/06\/11sommarfluga-440x330.jpg 440w, https:\/\/roan.junselebyar.se\/nyheter\/wp-content\/uploads\/2011\/06\/11sommarfluga.jpg 658w\" sizes=\"auto, (max-width: 440px) 100vw, 440px\" \/><\/p>\n<p>En liten fluga i en vit ros<\/p>\n<p>\u00a0<\/p>\n<p><img loading=\"lazy\" decoding=\"async\" class=\"alignnone size-medium wp-image-774\" title=\"11sommarkines\" src=\"http:\/\/roan.junselebyar.se\/nyheter\/wp-content\/uploads\/2011\/06\/11sommarkines-440x388.jpg\" alt=\"11sommarkines\" width=\"440\" height=\"388\" srcset=\"https:\/\/roan.junselebyar.se\/nyheter\/wp-content\/uploads\/2011\/06\/11sommarkines-440x388.jpg 440w, https:\/\/roan.junselebyar.se\/nyheter\/wp-content\/uploads\/2011\/06\/11sommarkines.jpg 727w\" sizes=\"auto, (max-width: 440px) 100vw, 440px\" \/><\/p>\n<p>Bergsvallmon drar till sig m\u00e5nga insekter<\/p>\n<p>\u00a0<\/p>\n<p><img loading=\"lazy\" decoding=\"async\" class=\"alignnone size-medium wp-image-775\" title=\"11sommaejordgubbar\" src=\"http:\/\/roan.junselebyar.se\/nyheter\/wp-content\/uploads\/2011\/06\/11sommaejordgubbar-440x452.jpg\" alt=\"11sommaejordgubbar\" width=\"440\" height=\"452\" srcset=\"https:\/\/roan.junselebyar.se\/nyheter\/wp-content\/uploads\/2011\/06\/11sommaejordgubbar-440x452.jpg 440w, https:\/\/roan.junselebyar.se\/nyheter\/wp-content\/uploads\/2011\/06\/11sommaejordgubbar.jpg 496w\" sizes=\"auto, (max-width: 440px) 100vw, 440px\" \/><\/p>\n<p>Pollineringshj\u00e4lp i jordgubbslandet<\/p>\n<p>\/ Brita<\/p>\n","protected":false},"excerpt":{"rendered":"<p>Det \u00e4r s\u00e5 vackert nu! \u00a0Och det luktor gott och det surrar \u00f6verallt bland blommor och blad.\u00a0Humlor och bin har br\u00e5da dagar och vinglar fram med pollenlaster i m\u00e5nga f\u00e4rger. Livet \u00e4r sk\u00f6nt och f\u00f6runderligt. Ett bi f\u00f6rser sig med pollen fr\u00e5n en &#8220;Jakobs Stege&#8221; Bi bland Bl\u00e5 Bergsvallmo och perenn Klint Humlan tumlar omkring [&hellip;]<\/p>\n","protected":false},"author":2,"featured_media":0,"comment_status":"open","ping_status":"open","sticky":false,"template":"","format":"standard","meta":{"footnotes":""},"categories":[3],"tags":[],"class_list":["post-768","post","type-post","status-publish","format-standard","hentry","category-allmant"],"_links":{"self":[{"href":"https:\/\/roan.junselebyar.se\/index.php?rest_route=\/wp\/v2\/posts\/768","targetHints":{"allow":["GET"]}}],"collection":[{"href":"https:\/\/roan.junselebyar.se\/index.php?rest_route=\/wp\/v2\/posts"}],"about":[{"href":"https:\/\/roan.junselebyar.se\/index.php?rest_route=\/wp\/v2\/types\/post"}],"author":[{"embeddable":true,"href":"https:\/\/roan.junselebyar.se\/index.php?rest_route=\/wp\/v2\/users\/2"}],"replies":[{"embeddable":true,"href":"https:\/\/roan.junselebyar.se\/index.php?rest_route=%2Fwp%2Fv2%2Fcomments&post=768"}],"version-history":[{"count":4,"href":"https:\/\/roan.junselebyar.se\/index.php?rest_route=\/wp\/v2\/posts\/768\/revisions"}],"predecessor-version":[{"id":779,"href":"https:\/\/roan.junselebyar.se\/index.php?rest_route=\/wp\/v2\/posts\/768\/revisions\/779"}],"wp:attachment":[{"href":"https:\/\/roan.junselebyar.se\/index.php?rest_route=%2Fwp%2Fv2%2Fmedia&parent=768"}],"wp:term":[{"taxonomy":"category","embeddable":true,"href":"https:\/\/roan.junselebyar.se\/index.php?rest_route=%2Fwp%2Fv2%2Fcategories&post=768"},{"taxonomy":"post_tag","embeddable":true,"href":"https:\/\/roan.junselebyar.se\/index.php?rest_route=%2Fwp%2Fv2%2Ftags&post=768"}],"curies":[{"name":"wp","href":"https:\/\/api.w.org\/{rel}","templated":true}]}}