{"id":789,"date":"2011-08-06T22:06:48","date_gmt":"2011-08-06T20:06:48","guid":{"rendered":"http:\/\/roan.junselebyar.se\/?p=789"},"modified":"2011-08-06T22:17:28","modified_gmt":"2011-08-06T20:17:28","slug":"nipakademin-fick-roans-miljopris-2011","status":"publish","type":"post","link":"https:\/\/roan.junselebyar.se\/?p=789","title":{"rendered":"Nipakademin fick R\u00f6\u00e5ns Milj\u00f6pris 2011"},"content":{"rendered":"<p>\u00a0<\/p>\n<p><img loading=\"lazy\" decoding=\"async\" class=\"alignnone size-medium wp-image-790\" title=\"pris7\" src=\"http:\/\/roan.junselebyar.se\/nyheter\/wp-content\/uploads\/2011\/08\/pris7-440x300.jpg\" alt=\"pris7\" width=\"440\" height=\"300\" \/><\/p>\n<p>Nils, Gunilla och Thorsten fr\u00e5n Nipakademin. Meta, Brita och Christer fr\u00e5n R\u00f6\u00e5ns Byalag<\/p>\n<p><strong>Under en kort ceremoni \u00f6verl\u00e4mnades i dag p\u00e5 Urkultfestivalens stora scen R\u00f6\u00e5ns Milj\u00f6pris 2011 till Nipakademin. Talare var Christer Borg, hedersmedlem i byalaget och ordf. f\u00f6r \u00c4lvr\u00e4ddarnas Samorganisation.<\/strong><\/p>\n<p><img loading=\"lazy\" decoding=\"async\" class=\"alignnone size-medium wp-image-791\" title=\"pris16\" src=\"http:\/\/roan.junselebyar.se\/nyheter\/wp-content\/uploads\/2011\/08\/pris16-440x375.jpg\" alt=\"pris16\" width=\"440\" height=\"375\" \/><\/p>\n<p>Thorsten tackar f\u00f6r priset och ber\u00e4ttar litet om Nipakademins arbete.<\/p>\n<p>Christers tal \u00e5terges nedan:<\/p>\n<p><strong>&#8220;R\u00f6\u00e5ns Milj\u00f6pris<\/strong><\/p>\n<p>N\u00e4r R\u00f6\u00e5ns Byalag efter den lyckade kampen f\u00f6r att bevara R\u00f6\u00e5n fr\u00e5n vattenkraftsutbyggnad 2008 summerade alla intryck och erfarenheter, f\u00f6ddes tanken p\u00e5 att instifta ett milj\u00f6pris som ska delas ut \u00e5rligen. Detta f\u00f6r att p\u00e5minna om v\u00e5r kamp och v\u00e5rt motst\u00e5nd som vi hoppas och tror kan vara inspirerande f\u00f6r andra m\u00e4nniskor och organisationer.\u00a0<\/p>\n<p>R\u00f6\u00e5ns Byalag har insett betydelsen av att engagemang, kunskap och helhetssyn g\u00e5r hand i hand i ett bra milj\u00f6arbete och vill med detta pris uppm\u00e4rksamma person eller organisation, som genom sitt arbete med h\u00e5llbar utveckling som ledstj\u00e4rna verkat i en positiv riktning f\u00f6r den norrl\u00e4ndska naturmilj\u00f6n som helhet.\u00a0<\/p>\n<p>Nomineringsarbetet inf\u00f6r utdelningen av R\u00f6\u00e5ns Milj\u00f6pris 2011 \u00e4r nu avslutat. F\u00f6rutom representanter fr\u00e5n R\u00f6\u00e5ns Byalag har Hola Folkh\u00f6gskola och Svenska Kyrkans Milj\u00f6v\u00e4rn i H\u00e4rn\u00f6sands stift medverkat.\u00a0<\/p>\n<p>De nominerade var:<\/p>\n<p>G\u00f6ran Jonzon, ordf\u00f6rande i\u00a0 \u00c5FF-fisker\u00e5d<\/p>\n<p>Nipakademin<\/p>\n<p>H\u00e5llbart Samh\u00e4lle Sollefte\u00e5<\/p>\n<p>Mats Hagner, professor skogssk\u00f6tsel<\/p>\n<p>I valarbetet har f\u00f6ljande deltagit: Ordf\u00f6rande i Naturskyddsf\u00f6reningens l\u00e4nsf\u00f6rbund, Bernt Persson, Torsten Berglund fr\u00e5n V\u00e4sternorrlands Energikontor och Christer Borg, ordf\u00f6rande i \u00c4lvr\u00e4ddarnas Samorganisation och h\u00e4r representant f\u00f6r R\u00f6\u00e5ns Byalag.<\/p>\n<p><strong>Vinnare \u00e5r 2011 \u00e4r Nipakademin och priset delas ut till ordf\u00f6rande Thorsten Laxvik.<\/strong><\/p>\n<p><strong>Motivering:<\/strong>\u00a0 Den ideella f\u00f6reningen Nipakademin har sedan starten 2006 satt fokus p\u00e5 flera av de fr\u00e5gor som \u00e4r f\u00f6rknippade med en h\u00e5llbar utveckling i glesbygd.<\/p>\n<p>Nipakademin har under \u00e5ren genomf\u00f6rt seminarier, kurser, studieresor och konferenser med teman som knyter an till dessa fr\u00e5gor. Intressanta f\u00f6rel\u00e4sningar om alternativ till dagens kalhyggesskogsbruk, om milj\u00f6restaureringar av v\u00e5ra f\u00f6r vattenkraften reglerade \u00e4lvar, om slow food och naturbetesk\u00f6tt och om alternativa energislag som vindkraft och m\u00e5nga andra \u00e4mnen \u00e4r exempel p\u00e5 detta. Nipakademin verkar ocks\u00e5 f\u00f6r att v\u00e4stra \u00c5ngermanland ska bli ett centrum f\u00f6r h\u00e5llbar utveckling.<\/p>\n<p>I en tid d\u00e5 ekonomi b\u00e5de globalt och nationellt baseras p\u00e5 icke h\u00e5llbart resursutnyttjande och or\u00e4ttvisa omf\u00f6rdelningar av r\u00e5varor och uttrycks och m\u00e4ts i termer som ekonomisk tillv\u00e4xt och BNP, skapar Nipakademin med sin lokala f\u00f6rankring och sitt milj\u00f6- och kulturfokus en oerh\u00f6rt viktig motpol till detta syns\u00e4tt p\u00e5 jorden och dess resurser.\u00a0<\/p>\n<p>Med djup f\u00f6rankring i demokrati och folkr\u00f6relsetradition ger Nipakademin ocks\u00e5 hopp om att de sociala v\u00e4rdena \u00e5terigen ska betraktas som lika viktiga som de rent ekonomiska och de livsviktiga ekologiska v\u00e4rdena.\u00a0<\/p>\n<p>Med h\u00e4r p\u00e5 scenen har vi Thorsten Laxvik, ordf\u00f6rande i Nipakademin och en av de tongivande f\u00f6r organisationen, en m\u00e4nniska som alltid s\u00e4tter den verkligt f\u00f6rankrade demokratin i f\u00f6rsta rummet som en utg\u00e5ngspunkt f\u00f6r arbetet i Nipakademin.<\/p>\n<p>Som traditionen kr\u00e4ver \u00f6verl\u00e4mnar vi nu R\u00f6\u00e5ns Milj\u00f6pris 2011 i form av ett keramikfat tillverkat av de lokala keramikerna i Lillterrsj\u00f6, Birgitta och Niklas Lind.\u00a0<\/p>\n<p><strong>Tack f\u00f6r allt arbete i Nipakademin och lycka till forts\u00e4ttningsvis med ert viktiga arbete!&#8221;<\/strong><\/p>\n<p><strong>\u00a0\/<\/strong>Brita foto Joel<\/p>\n","protected":false},"excerpt":{"rendered":"<p>\u00a0 Nils, Gunilla och Thorsten fr\u00e5n Nipakademin. Meta, Brita och Christer fr\u00e5n R\u00f6\u00e5ns Byalag Under en kort ceremoni \u00f6verl\u00e4mnades i dag p\u00e5 Urkultfestivalens stora scen R\u00f6\u00e5ns Milj\u00f6pris 2011 till Nipakademin. Talare var Christer Borg, hedersmedlem i byalaget och ordf. f\u00f6r \u00c4lvr\u00e4ddarnas Samorganisation. Thorsten tackar f\u00f6r priset och ber\u00e4ttar litet om Nipakademins arbete. Christers tal \u00e5terges [&hellip;]<\/p>\n","protected":false},"author":2,"featured_media":0,"comment_status":"open","ping_status":"open","sticky":false,"template":"","format":"standard","meta":{"footnotes":""},"categories":[3],"tags":[],"class_list":["post-789","post","type-post","status-publish","format-standard","hentry","category-allmant"],"_links":{"self":[{"href":"https:\/\/roan.junselebyar.se\/index.php?rest_route=\/wp\/v2\/posts\/789","targetHints":{"allow":["GET"]}}],"collection":[{"href":"https:\/\/roan.junselebyar.se\/index.php?rest_route=\/wp\/v2\/posts"}],"about":[{"href":"https:\/\/roan.junselebyar.se\/index.php?rest_route=\/wp\/v2\/types\/post"}],"author":[{"embeddable":true,"href":"https:\/\/roan.junselebyar.se\/index.php?rest_route=\/wp\/v2\/users\/2"}],"replies":[{"embeddable":true,"href":"https:\/\/roan.junselebyar.se\/index.php?rest_route=%2Fwp%2Fv2%2Fcomments&post=789"}],"version-history":[{"count":6,"href":"https:\/\/roan.junselebyar.se\/index.php?rest_route=\/wp\/v2\/posts\/789\/revisions"}],"predecessor-version":[{"id":794,"href":"https:\/\/roan.junselebyar.se\/index.php?rest_route=\/wp\/v2\/posts\/789\/revisions\/794"}],"wp:attachment":[{"href":"https:\/\/roan.junselebyar.se\/index.php?rest_route=%2Fwp%2Fv2%2Fmedia&parent=789"}],"wp:term":[{"taxonomy":"category","embeddable":true,"href":"https:\/\/roan.junselebyar.se\/index.php?rest_route=%2Fwp%2Fv2%2Fcategories&post=789"},{"taxonomy":"post_tag","embeddable":true,"href":"https:\/\/roan.junselebyar.se\/index.php?rest_route=%2Fwp%2Fv2%2Ftags&post=789"}],"curies":[{"name":"wp","href":"https:\/\/api.w.org\/{rel}","templated":true}]}}