{"id":902,"date":"2011-11-27T20:51:23","date_gmt":"2011-11-27T19:51:23","guid":{"rendered":"http:\/\/roan.junselebyar.se\/?p=902"},"modified":"2011-11-27T20:51:23","modified_gmt":"2011-11-27T19:51:23","slug":"junsele-julmarknad-2011","status":"publish","type":"post","link":"https:\/\/roan.junselebyar.se\/?p=902","title":{"rendered":"Junsele Julmarknad 2011"},"content":{"rendered":"<p><img loading=\"lazy\" decoding=\"async\" class=\"alignnone size-medium wp-image-903\" title=\"julmarknad113\" src=\"http:\/\/roan.junselebyar.se\/nyheter\/wp-content\/uploads\/2011\/11\/julmarknad113-440x330.jpg\" alt=\"julmarknad113\" width=\"440\" height=\"330\" \/><\/p>\n<p>Det blev en j\u00e4ttetrevlig\u00a0 julmarknad i dag p\u00e5 torget i Junsele. Massor med k\u00f6pglada bes\u00f6kare och glada, positiva f\u00f6rs\u00e4ljare. Och tur med v\u00e4dret hade vi. Det var \u00f6ver huvud taget mycket folk i r\u00f6relse i hela Junsele i dag p\u00e5 skylts\u00f6ndagen. Kul!!<\/p>\n<p><img loading=\"lazy\" decoding=\"async\" class=\"alignnone size-medium wp-image-904\" title=\"julmarknad111\" src=\"http:\/\/roan.junselebyar.se\/nyheter\/wp-content\/uploads\/2011\/11\/julmarknad111-440x272.jpg\" alt=\"julmarknad111\" width=\"440\" height=\"272\" \/><\/p>\n<p><img loading=\"lazy\" decoding=\"async\" class=\"alignnone size-medium wp-image-905\" title=\"julmarknad112\" src=\"http:\/\/roan.junselebyar.se\/nyheter\/wp-content\/uploads\/2011\/11\/julmarknad112-440x414.jpg\" alt=\"julmarknad112\" width=\"440\" height=\"414\" \/><\/p>\n<p><img loading=\"lazy\" decoding=\"async\" class=\"alignnone size-medium wp-image-906\" title=\"julmarknad114\" src=\"http:\/\/roan.junselebyar.se\/nyheter\/wp-content\/uploads\/2011\/11\/julmarknad114-440x330.jpg\" alt=\"julmarknad114\" width=\"440\" height=\"330\" \/><\/p>\n<p><img loading=\"lazy\" decoding=\"async\" class=\"alignnone size-medium wp-image-907\" title=\"julmarknad115\" src=\"http:\/\/roan.junselebyar.se\/nyheter\/wp-content\/uploads\/2011\/11\/julmarknad115-440x330.jpg\" alt=\"julmarknad115\" width=\"440\" height=\"330\" \/><\/p>\n<p><img loading=\"lazy\" decoding=\"async\" class=\"alignnone size-medium wp-image-908\" title=\"julmarknad11mo\" src=\"http:\/\/roan.junselebyar.se\/nyheter\/wp-content\/uploads\/2011\/11\/julmarknad11mo-440x330.jpg\" alt=\"julmarknad11mo\" width=\"440\" height=\"330\" \/><\/p>\n<p>Mo Byalag hade som vanligt ett stort och varierat utbud. Inget fel p\u00e5 hum\u00f6ret heller.<\/p>\n<p><img loading=\"lazy\" decoding=\"async\" class=\"alignnone size-medium wp-image-909\" title=\"julmarknad11erikforssen\" src=\"http:\/\/roan.junselebyar.se\/nyheter\/wp-content\/uploads\/2011\/11\/julmarknad11erikforssen-439x412.jpg\" alt=\"julmarknad11erikforssen\" width=\"439\" height=\"412\" srcset=\"https:\/\/roan.junselebyar.se\/nyheter\/wp-content\/uploads\/2011\/11\/julmarknad11erikforssen-439x412.jpg 439w, https:\/\/roan.junselebyar.se\/nyheter\/wp-content\/uploads\/2011\/11\/julmarknad11erikforssen.jpg 1684w\" sizes=\"auto, (max-width: 439px) 100vw, 439px\" \/><\/p>\n<p>Eric Forss\u00e9n, som administrerar flertalet hemsidor h\u00e4r i &#8220;V\u00e4stra&#8221;, missar inte julmarknaden. L\u00e5ng och st\u00e5tlig \u00e4r det sv\u00e5rt att missa honom ocks\u00e5. Dessutom har han en v\u00e4ldigt charmig finl\u00e4ndsk kompis, som har hus i Byssj\u00f6n.<\/p>\n<p><img loading=\"lazy\" decoding=\"async\" class=\"alignnone size-medium wp-image-910\" title=\"julmarknad11trevligfinlandare\" src=\"http:\/\/roan.junselebyar.se\/nyheter\/wp-content\/uploads\/2011\/11\/julmarknad11trevligfinlandare-404x640.jpg\" alt=\"julmarknad11trevligfinlandare\" width=\"404\" height=\"640\" srcset=\"https:\/\/roan.junselebyar.se\/nyheter\/wp-content\/uploads\/2011\/11\/julmarknad11trevligfinlandare-404x640.jpg 404w, https:\/\/roan.junselebyar.se\/nyheter\/wp-content\/uploads\/2011\/11\/julmarknad11trevligfinlandare.jpg 1200w\" sizes=\"auto, (max-width: 404px) 100vw, 404px\" \/><\/p>\n<p>Ja, se det var en trevlig dag. Och alla marknadsplatser tog slut s\u00e5 hur skall det g\u00e5 n\u00e4sta \u00e5r??&#8230;&#8230;<\/p>\n<p>\/TaraBrita<\/p>\n","protected":false},"excerpt":{"rendered":"<p>Det blev en j\u00e4ttetrevlig\u00a0 julmarknad i dag p\u00e5 torget i Junsele. Massor med k\u00f6pglada bes\u00f6kare och glada, positiva f\u00f6rs\u00e4ljare. Och tur med v\u00e4dret hade vi. Det var \u00f6ver huvud taget mycket folk i r\u00f6relse i hela Junsele i dag p\u00e5 skylts\u00f6ndagen. Kul!! Mo Byalag hade som vanligt ett stort och varierat utbud. Inget fel p\u00e5 [&hellip;]<\/p>\n","protected":false},"author":2,"featured_media":0,"comment_status":"open","ping_status":"open","sticky":false,"template":"","format":"standard","meta":{"footnotes":""},"categories":[3],"tags":[],"class_list":["post-902","post","type-post","status-publish","format-standard","hentry","category-allmant"],"_links":{"self":[{"href":"https:\/\/roan.junselebyar.se\/index.php?rest_route=\/wp\/v2\/posts\/902","targetHints":{"allow":["GET"]}}],"collection":[{"href":"https:\/\/roan.junselebyar.se\/index.php?rest_route=\/wp\/v2\/posts"}],"about":[{"href":"https:\/\/roan.junselebyar.se\/index.php?rest_route=\/wp\/v2\/types\/post"}],"author":[{"embeddable":true,"href":"https:\/\/roan.junselebyar.se\/index.php?rest_route=\/wp\/v2\/users\/2"}],"replies":[{"embeddable":true,"href":"https:\/\/roan.junselebyar.se\/index.php?rest_route=%2Fwp%2Fv2%2Fcomments&post=902"}],"version-history":[{"count":3,"href":"https:\/\/roan.junselebyar.se\/index.php?rest_route=\/wp\/v2\/posts\/902\/revisions"}],"predecessor-version":[{"id":913,"href":"https:\/\/roan.junselebyar.se\/index.php?rest_route=\/wp\/v2\/posts\/902\/revisions\/913"}],"wp:attachment":[{"href":"https:\/\/roan.junselebyar.se\/index.php?rest_route=%2Fwp%2Fv2%2Fmedia&parent=902"}],"wp:term":[{"taxonomy":"category","embeddable":true,"href":"https:\/\/roan.junselebyar.se\/index.php?rest_route=%2Fwp%2Fv2%2Fcategories&post=902"},{"taxonomy":"post_tag","embeddable":true,"href":"https:\/\/roan.junselebyar.se\/index.php?rest_route=%2Fwp%2Fv2%2Ftags&post=902"}],"curies":[{"name":"wp","href":"https:\/\/api.w.org\/{rel}","templated":true}]}}