{"id":921,"date":"2011-12-11T19:17:40","date_gmt":"2011-12-11T18:17:40","guid":{"rendered":"http:\/\/roan.junselebyar.se\/?p=921"},"modified":"2011-12-14T12:40:09","modified_gmt":"2011-12-14T11:40:09","slug":"i-dag-en-harlig-vinterdag","status":"publish","type":"post","link":"https:\/\/roan.junselebyar.se\/?p=921","title":{"rendered":"I dag-en h\u00e4rlig vinterdag"},"content":{"rendered":"<div id=\"attachment_922\" style=\"width: 450px\" class=\"wp-caption alignnone\"><img loading=\"lazy\" decoding=\"async\" aria-describedby=\"caption-attachment-922\" class=\"size-medium wp-image-922\" title=\"11vinteranuppdag\" src=\"http:\/\/roan.junselebyar.se\/nyheter\/wp-content\/uploads\/2011\/12\/11vinteranuppdag-440x336.jpg\" alt=\"R\u00f6\u00e5n\" width=\"440\" height=\"336\" \/><p id=\"caption-attachment-922\" class=\"wp-caption-text\">R\u00f6\u00e5n<\/p><\/div>\n<p>S\u00e5 kom d\u00e5 sn\u00f6n efter ett ganska s\u00e5 rej\u00e4lt ov\u00e4der. Och\u00a0allt blev\u00a0ljust och vackert.\u00a0Det \u00e4r bara 10 dagar till det v\u00e4nder och vi g\u00e5r mot v\u00e5ren. Vilken fin\u00a0h\u00f6st det har varit.<\/p>\n<p><img loading=\"lazy\" decoding=\"async\" class=\"alignnone size-medium wp-image-930\" title=\"11vinteranupp6\" src=\"http:\/\/roan.junselebyar.se\/nyheter\/wp-content\/uploads\/2011\/12\/11vinteranupp63-440x586.jpg\" alt=\"11vinteranupp6\" width=\"292\" height=\"385\" \/><\/p>\n<p>R\u00f6\u00e5n, nedstr\u00f6ms<\/p>\n<p>Solen orkade inte n\u00e5 s\u00e5 h\u00f6gt ovan bergen i s\u00f6der. Det blev \u00e4nd\u00e5 ljust tack vare sn\u00f6n.\u00a0<\/p>\n<p><img loading=\"lazy\" decoding=\"async\" class=\"alignnone size-medium wp-image-932\" title=\"Solen p\u00e5 v\u00e4g upp \u00f6ver Tar\u00e5\" src=\"http:\/\/roan.junselebyar.se\/nyheter\/wp-content\/uploads\/2011\/12\/11vintersolen2-440x412.jpg\" alt=\"Solen p\u00e5 v\u00e4g upp \u00f6ver Tar\u00e5\" width=\"373\" height=\"233\" \/><\/p>\n<p>Solen \u00f6ver Tar\u00e5<\/p>\n<p>\u00a0&#8220;Bl\u00e5 timman&#8221; bredde ut sig \u00f6ver byn och\u00a0vi\u00a0fick g\u00e5 in och &#8220;kura skymning&#8221;.<\/p>\n<div id=\"attachment_933\" style=\"width: 450px\" class=\"wp-caption alignnone\"><img loading=\"lazy\" decoding=\"async\" aria-describedby=\"caption-attachment-933\" class=\"size-medium wp-image-933\" title=\"Bl\u00e5 timman\" src=\"http:\/\/roan.junselebyar.se\/nyheter\/wp-content\/uploads\/2011\/12\/11vinterstjarna3bra-440x403.jpg\" alt=\"Bl\u00e5 timman \" width=\"440\" height=\"403\" \/><p id=\"caption-attachment-933\" class=\"wp-caption-text\">Bl\u00e5 timman <\/p><\/div>\n<p>Aftonstj\u00e4rnan lyste&#8230;&#8230;&#8230;. Allt\u00a0blev bl\u00e5tt&#8230;.och&#8230;..kallt&#8230;..<\/p>\n<p>och s\u00e5 kom m\u00e5nen&#8230;<\/p>\n<div class=\"mceTemp\">\n<dl id=\"attachment_934\" class=\"wp-caption alignnone\" style=\"width: 450px;\">\n<dt class=\"wp-caption-dt\"><img loading=\"lazy\" decoding=\"async\" class=\"size-medium wp-image-934\" title=\"Vinterm\u00e5ne\" src=\"http:\/\/roan.junselebyar.se\/nyheter\/wp-content\/uploads\/2011\/12\/11vintermane-440x330.jpg\" alt=\"M\u00e5nen \u00f6ver byn\" width=\"440\" height=\"330\" \/><\/dt>\n<dd class=\"wp-caption-dd\">M\u00e5nen \u00f6ver byn<\/dd>\n<\/dl>\n<p>Nu fattas det bara ett h\u00e4ftigt norrsken i natt.<\/p>\n<p>&#8220;Aftonstj\u00e4rnan&#8221;, som\u00a0str\u00e5lat s\u00e5 klart denna h\u00f6st vid skymning, kv\u00e4llning, \u00e4r planeten Jupiter. I \u00e5r \u00e4r den ovanligt n\u00e4ra jorden,\u00a0vilket f\u00f6rklarar att\u00a0den syns s\u00e5 bra.<\/p><\/div>\n<div class=\"mceTemp\">\/TaraBrita<\/div>\n","protected":false},"excerpt":{"rendered":"<p>S\u00e5 kom d\u00e5 sn\u00f6n efter ett ganska s\u00e5 rej\u00e4lt ov\u00e4der. Och\u00a0allt blev\u00a0ljust och vackert.\u00a0Det \u00e4r bara 10 dagar till det v\u00e4nder och vi g\u00e5r mot v\u00e5ren. Vilken fin\u00a0h\u00f6st det har varit. R\u00f6\u00e5n, nedstr\u00f6ms Solen orkade inte n\u00e5 s\u00e5 h\u00f6gt ovan bergen i s\u00f6der. Det blev \u00e4nd\u00e5 ljust tack vare sn\u00f6n.\u00a0 Solen \u00f6ver Tar\u00e5 \u00a0&#8220;Bl\u00e5 timman&#8221; [&hellip;]<\/p>\n","protected":false},"author":2,"featured_media":0,"comment_status":"open","ping_status":"open","sticky":false,"template":"","format":"standard","meta":{"footnotes":""},"categories":[3],"tags":[],"class_list":["post-921","post","type-post","status-publish","format-standard","hentry","category-allmant"],"_links":{"self":[{"href":"https:\/\/roan.junselebyar.se\/index.php?rest_route=\/wp\/v2\/posts\/921","targetHints":{"allow":["GET"]}}],"collection":[{"href":"https:\/\/roan.junselebyar.se\/index.php?rest_route=\/wp\/v2\/posts"}],"about":[{"href":"https:\/\/roan.junselebyar.se\/index.php?rest_route=\/wp\/v2\/types\/post"}],"author":[{"embeddable":true,"href":"https:\/\/roan.junselebyar.se\/index.php?rest_route=\/wp\/v2\/users\/2"}],"replies":[{"embeddable":true,"href":"https:\/\/roan.junselebyar.se\/index.php?rest_route=%2Fwp%2Fv2%2Fcomments&post=921"}],"version-history":[{"count":13,"href":"https:\/\/roan.junselebyar.se\/index.php?rest_route=\/wp\/v2\/posts\/921\/revisions"}],"predecessor-version":[{"id":942,"href":"https:\/\/roan.junselebyar.se\/index.php?rest_route=\/wp\/v2\/posts\/921\/revisions\/942"}],"wp:attachment":[{"href":"https:\/\/roan.junselebyar.se\/index.php?rest_route=%2Fwp%2Fv2%2Fmedia&parent=921"}],"wp:term":[{"taxonomy":"category","embeddable":true,"href":"https:\/\/roan.junselebyar.se\/index.php?rest_route=%2Fwp%2Fv2%2Fcategories&post=921"},{"taxonomy":"post_tag","embeddable":true,"href":"https:\/\/roan.junselebyar.se\/index.php?rest_route=%2Fwp%2Fv2%2Ftags&post=921"}],"curies":[{"name":"wp","href":"https:\/\/api.w.org\/{rel}","templated":true}]}}