{"id":949,"date":"2012-01-10T23:07:08","date_gmt":"2012-01-10T22:07:08","guid":{"rendered":"http:\/\/roan.junselebyar.se\/?p=949"},"modified":"2012-01-11T11:04:25","modified_gmt":"2012-01-11T10:04:25","slug":"stillhet-tystnad-vindkraft","status":"publish","type":"post","link":"https:\/\/roan.junselebyar.se\/?p=949","title":{"rendered":"Stillhet-tystnad-vindkraft"},"content":{"rendered":"<p>S\u00e5 var glada julen slut och vi \u00e5terg\u00e5r till vardagen.<\/p>\n<div id=\"attachment_950\" style=\"width: 334px\" class=\"wp-caption alignnone\"><img loading=\"lazy\" decoding=\"async\" aria-describedby=\"caption-attachment-950\" class=\"size-medium wp-image-950\" title=\"12snoskidspar\" src=\"http:\/\/roan.junselebyar.se\/nyheter\/wp-content\/uploads\/2012\/01\/12snoskidspar-440x586.jpg\" alt=\"Skidsp\u00e5ret l\u00e4ngs Tar\u00e5n\" width=\"324\" height=\"365\" \/><p id=\"caption-attachment-950\" class=\"wp-caption-text\">Skidsp\u00e5ret l\u00e4ngs Tar\u00e5n<\/p><\/div>\n<p>Massor med sn\u00f6 har vi f\u00e5tt och gl\u00e4djande nog b\u00e4r den ganska bra \u00e4ven\u00a0smala skidor. Det \u00e4r fantastiskt med den absoluta tystnad, som r\u00e5der nere vid Tar\u00e5n. Vi \u00e4r bortsk\u00e4mda med tystnad och borde kanske v\u00e4rdes\u00e4tta den mer.<\/p>\n<p>\u00a0<\/p>\n<div id=\"attachment_953\" style=\"width: 351px\" class=\"wp-caption alignnone\"><img loading=\"lazy\" decoding=\"async\" aria-describedby=\"caption-attachment-953\" class=\"size-medium wp-image-953\" title=\"12snostor\" src=\"http:\/\/roan.junselebyar.se\/nyheter\/wp-content\/uploads\/2012\/01\/12snostor1-439x483.jpg\" alt=\"Mot Storfl\u00f6je\" width=\"341\" height=\"342\" \/><p id=\"caption-attachment-953\" class=\"wp-caption-text\">Mot Storfl\u00f6je<\/p><\/div>\n<p>I\u00a0andra dela av v\u00e5r kommun \u00e4r inte detta sj\u00e4lvklart l\u00e4ngre. I Storsj\u00f6omr\u00e5det planeras en j\u00e4ttelik vindkraftpark. L\u00e4s mer om denna p\u00e5 \u00a0<a href=\"http:\/\/snurrigt.vildavastra.se\/\">http:\/\/snurrigt.vildavastra.se\/<\/a><\/p>\n<p>D\u00e4r finns ocks\u00e5 m\u00f6jlighet att skriva p\u00e5 en protestlista. N\u00e4r R\u00f6\u00e5n hotades fick vi hj\u00e4lp fr\u00e5n m\u00e5nga h\u00e5ll och det var vi tacksamma f\u00f6r. N\u00e4r nu boende i byar, som kommer att negativt p\u00e5verkas av Storsj\u00f6projektet, v\u00e4djar om v\u00e5r hj\u00e4lp s\u00e5 \u00e4r det v\u00e4l ganska s\u00e5 sj\u00e4lvklart att \u00f6verv\u00e4ga detta.\u00a0L\u00e4s och begrunda och bilda Dig en egen faktabaserad\u00a0 \u00e5sikt.<\/p>\n<div id=\"attachment_954\" style=\"width: 450px\" class=\"wp-caption alignnone\"><img loading=\"lazy\" decoding=\"async\" aria-describedby=\"caption-attachment-954\" class=\"size-medium wp-image-954\" title=\"12snolill\" src=\"http:\/\/roan.junselebyar.se\/nyheter\/wp-content\/uploads\/2012\/01\/12snolill-440x343.jpg\" alt=\"Lillfl\u00f6je\" width=\"440\" height=\"343\" \/><p id=\"caption-attachment-954\" class=\"wp-caption-text\">Lillfl\u00f6je<\/p><\/div>\n<p>\u00a0Till\u00a0h\u00f6ger passeras Lillfl\u00f6je. Det g\u00e5r inte fort att sp\u00e5ra. Det finns massor med tid f\u00f6r tankar och jag \u00e4r s\u00e5 tacksom f\u00f6r stillheten och att det inte l\u00e5ter schabong&#8230;.schabong&#8230;..schabong&#8230;&#8230;schabong&#8230;.fr\u00e5n en massa vindkraftverk.<\/p>\n<p><img loading=\"lazy\" decoding=\"async\" class=\"alignnone size-medium wp-image-955\" title=\"12snolillvind\" src=\"http:\/\/roan.junselebyar.se\/nyheter\/wp-content\/uploads\/2012\/01\/12snolillvind-440x343.jpg\" alt=\"12snolillvind\" width=\"440\" height=\"343\" \/><\/p>\n<p>Nej, hj\u00e4lp&#8230;.detta vore inte roligt.<\/p>\n<div id=\"attachment_956\" style=\"width: 450px\" class=\"wp-caption alignnone\"><img loading=\"lazy\" decoding=\"async\" aria-describedby=\"caption-attachment-956\" class=\"size-medium wp-image-956\" title=\"12snoappoapar\" src=\"http:\/\/roan.junselebyar.se\/nyheter\/wp-content\/uploads\/2012\/01\/12snoappoapar-440x572.jpg\" alt=\"Timmer\u00e5sen i sikte\" width=\"440\" height=\"572\" srcset=\"https:\/\/roan.junselebyar.se\/nyheter\/wp-content\/uploads\/2012\/01\/12snoappoapar-440x572.jpg 440w, https:\/\/roan.junselebyar.se\/nyheter\/wp-content\/uploads\/2012\/01\/12snoappoapar.jpg 1584w\" sizes=\"auto, (max-width: 440px) 100vw, 440px\" \/><p id=\"caption-attachment-956\" class=\"wp-caption-text\">Timmer\u00e5sen i sikte<\/p><\/div>\n<p>Timmer\u00e5sv\u00e4gen i sikte, men nu \u00e4r vi uttr\u00f6ttade av att sp\u00e5ra. Inte l\u00e4tt f\u00f6r en liten vovve med den djupa sn\u00f6n, som inte h\u00e5ller f\u00f6r honom. Dags att v\u00e4nda hem\u00e5t. I morgon kommer vi kanske fram till solen, som lockar\u00a0uppe p\u00e5 den nedre av Timmer\u00e5sv\u00e4garna.<\/p>\n<p>\/Tarabrita<\/p>\n","protected":false},"excerpt":{"rendered":"<p>S\u00e5 var glada julen slut och vi \u00e5terg\u00e5r till vardagen. Massor med sn\u00f6 har vi f\u00e5tt och gl\u00e4djande nog b\u00e4r den ganska bra \u00e4ven\u00a0smala skidor. Det \u00e4r fantastiskt med den absoluta tystnad, som r\u00e5der nere vid Tar\u00e5n. Vi \u00e4r bortsk\u00e4mda med tystnad och borde kanske v\u00e4rdes\u00e4tta den mer. \u00a0 I\u00a0andra dela av v\u00e5r kommun \u00e4r [&hellip;]<\/p>\n","protected":false},"author":2,"featured_media":0,"comment_status":"open","ping_status":"open","sticky":false,"template":"","format":"standard","meta":{"footnotes":""},"categories":[3],"tags":[],"class_list":["post-949","post","type-post","status-publish","format-standard","hentry","category-allmant"],"_links":{"self":[{"href":"https:\/\/roan.junselebyar.se\/index.php?rest_route=\/wp\/v2\/posts\/949","targetHints":{"allow":["GET"]}}],"collection":[{"href":"https:\/\/roan.junselebyar.se\/index.php?rest_route=\/wp\/v2\/posts"}],"about":[{"href":"https:\/\/roan.junselebyar.se\/index.php?rest_route=\/wp\/v2\/types\/post"}],"author":[{"embeddable":true,"href":"https:\/\/roan.junselebyar.se\/index.php?rest_route=\/wp\/v2\/users\/2"}],"replies":[{"embeddable":true,"href":"https:\/\/roan.junselebyar.se\/index.php?rest_route=%2Fwp%2Fv2%2Fcomments&post=949"}],"version-history":[{"count":5,"href":"https:\/\/roan.junselebyar.se\/index.php?rest_route=\/wp\/v2\/posts\/949\/revisions"}],"predecessor-version":[{"id":959,"href":"https:\/\/roan.junselebyar.se\/index.php?rest_route=\/wp\/v2\/posts\/949\/revisions\/959"}],"wp:attachment":[{"href":"https:\/\/roan.junselebyar.se\/index.php?rest_route=%2Fwp%2Fv2%2Fmedia&parent=949"}],"wp:term":[{"taxonomy":"category","embeddable":true,"href":"https:\/\/roan.junselebyar.se\/index.php?rest_route=%2Fwp%2Fv2%2Fcategories&post=949"},{"taxonomy":"post_tag","embeddable":true,"href":"https:\/\/roan.junselebyar.se\/index.php?rest_route=%2Fwp%2Fv2%2Ftags&post=949"}],"curies":[{"name":"wp","href":"https:\/\/api.w.org\/{rel}","templated":true}]}}